{"id":1024,"date":"2025-04-13T20:24:20","date_gmt":"2025-04-13T23:24:20","guid":{"rendered":"https:\/\/senanutri.com.br\/blog\/?p=1024"},"modified":"2025-04-12T10:48:36","modified_gmt":"2025-04-12T13:48:36","slug":"tomar-cafe-ajuda-no-humor-e-na-memoria-segundo-a-ciencia","status":"publish","type":"post","link":"https:\/\/senanutri.com.br\/blog\/tomar-cafe-ajuda-no-humor-e-na-memoria-segundo-a-ciencia\/","title":{"rendered":"Tomar caf\u00e9 ajuda no humor e na mem\u00f3ria, segundo a ci\u00eancia"},"content":{"rendered":"<article class=\"text-token-text-primary w-full\" dir=\"auto\" data-testid=\"conversation-turn-2\" data-scroll-anchor=\"true\">\n<div class=\"text-base my-auto mx-auto py-5 [--thread-content-margin:--spacing(4)] @[37rem]:[--thread-content-margin:--spacing(6)] @[70rem]:[--thread-content-margin:--spacing(12)] px-(--thread-content-margin)\">\n<div class=\"[--thread-content-max-width:32rem] @[34rem]:[--thread-content-max-width:40rem] @[64rem]:[--thread-content-max-width:48rem] mx-auto flex max-w-(--thread-content-max-width) flex-1 text-base gap-4 md:gap-5 lg:gap-6 group\/turn-messages focus-visible:outline-hidden\">\n<div class=\"group\/conversation-turn relative flex w-full min-w-0 flex-col agent-turn\">\n<div class=\"relative flex-col gap-1 md:gap-3\">\n<div class=\"flex max-w-full flex-col grow\">\n<div class=\"min-h-8 text-message relative flex w-full flex-col items-end gap-2 text-start break-words whitespace-normal [.text-message+&amp;]:mt-5\" dir=\"auto\" data-message-author-role=\"assistant\" data-message-id=\"7b22353c-37a1-4249-9737-ab2b868661f4\" data-message-model-slug=\"gpt-4o\">\n<div class=\"flex w-full flex-col gap-1 empty:hidden first:pt-[3px]\">\n<div class=\"markdown prose dark:prose-invert w-full break-words light\">\n<p class=\"\" data-start=\"0\" data-end=\"609\">Voc\u00ea j\u00e1 parou para pensar no quanto o <strong>caf\u00e9<\/strong> influencia o seu dia a dia? Para muita gente, ele vai muito al\u00e9m de um simples empurr\u00e3ozinho nas manh\u00e3s sonolentas. E se eu te dissesse que ele tamb\u00e9m pode ajudar a melhorar o humor e at\u00e9 turbinar a mem\u00f3ria? Pois \u00e9! \u00c9 o que diz a ci\u00eancia. A cafe\u00edna, presente em cada x\u00edcara, tem um efeito direto no <a href=\"https:\/\/senanutri.com.br\/blog\/alimentos-que-turbinam-seu-cerebro-o-que-incluir-na-dieta-para-melhorar-a-memoria\/\">c\u00e9rebro<\/a>: estimula, aumenta o foco e contribui na hora de guardar informa\u00e7\u00f5es.<\/p>\n<\/div>\n<\/div>\n<\/div>\n<\/div>\n<\/div>\n<\/div>\n<\/div>\n<\/div>\n<\/article>\n<h2>Como ela age no seu c\u00e9rebro?<\/h2>\n<p>A cafe\u00edna, presente naturalmente no caf\u00e9, age direto no seu c\u00e9rebro. Ela bloqueia a a\u00e7\u00e3o da adenosina, uma subst\u00e2ncia que avisa o corpo quando \u00e9 hora de descansar. Com esse bloqueio, seu c\u00e9rebro fica mais ativo e libera neurotransmissores como a dopamina e a norepinefrina, que t\u00eam tudo a ver com bom humor, foco e mem\u00f3ria.<\/p>\n<h3>Mecanismos de a\u00e7\u00e3o da cafe\u00edna<\/h3>\n<ol class=\"!whitespace-normal list-decimal ml-5\">\n<li class=\"pb-1\"><strong>Bloqueio da adenosina<\/strong>: A cafe\u00edna se liga aos receptores de adenosina, evitando que a sensa\u00e7\u00e3o de cansa\u00e7o se manifeste.<\/li>\n<li class=\"pb-1\"><strong>Aumento da dopamina<\/strong>: A libera\u00e7\u00e3o de dopamina, neurotransmissor associado \u00e0 sensa\u00e7\u00e3o de prazer e recompensa, \u00e9 estimulada pela cafe\u00edna, o que pode contribuir para a melhora do humor.<\/li>\n<li class=\"pb-1\"><strong>Aumento da norepinefrina<\/strong>: Esse neurotransmissor est\u00e1 ligado \u00e0 aten\u00e7\u00e3o e foco, ajudando a melhorar a capacidade de concentra\u00e7\u00e3o.<\/li>\n<\/ol>\n<h2>Benef\u00edcios do caf\u00e9 para a mem\u00f3ria<\/h2>\n<p>Ela vai te manter desperto, auxiliando como uma for\u00e7a para a sua mem\u00f3ria. Pesquisas mostram que ela pode melhorar tanto a mem\u00f3ria de curto quanto de longo prazo. Ou seja, al\u00e9m de ajudar a come\u00e7ar o dia com mais energia, o caf\u00e9 tamb\u00e9m pode te ajudar a lembrar melhor das coisas.<\/p>\n<h3>Efeitos na mem\u00f3ria de curto prazo<\/h3>\n<p>Quando consumido ap\u00f3s uma tarefa de aprendizado, o caf\u00e9 pode potencializar a reten\u00e7\u00e3o de informa\u00e7\u00f5es. Pesquisas mostram que indiv\u00edduos que tomaram cafe\u00edna logo ap\u00f3s aprender uma nova habilidade ou informa\u00e7\u00e3o conseguiram recordar um percentual significativamente maior do que aqueles que n\u00e3o consumiram a bebida.<\/p>\n<h3>Efeitos na mem\u00f3ria de longo prazo<\/h3>\n<p>O <a href=\"https:\/\/oglobo.globo.com\/saude\/noticia\/2025\/04\/10\/combustivel-para-o-cerebro-estudos-apontam-relacao-entre-consumo-de-cafe-e-melhora-na-saude-mental.ghtml\" target=\"_blank\" rel=\"noopener\">estudo publicado<\/a> na revista<a href=\"https:\/\/www.nature.com\/neuro\/articles\" target=\"_blank\" rel=\"noopener\">\u00a0<em>Nature Neuroscience<\/em><\/a>\u00a0revelou que a ingest\u00e3o de caf\u00e9 ap\u00f3s o aprendizado pode refor\u00e7ar a reten\u00e7\u00e3o de informa\u00e7\u00f5es, aumentando a capacidade de recordar dados importantes ap\u00f3s um per\u00edodo.<\/p>\n<h2>O impacto da cafe\u00edna no humor<\/h2>\n<p>Sabia que o caf\u00e9 tamb\u00e9m pode dar um up no seu humor? A cafe\u00edna tem o poder de trazer uma leve sensa\u00e7\u00e3o de euforia e aumentar a motiva\u00e7\u00e3o, por isso muita gente se sente mais animada e disposta depois de uma x\u00edcara. Se voc\u00ea est\u00e1 em busca de mais bem-estar no dia a dia, o caf\u00e9 pode ser um \u00f3timo aliado emocional.<\/p>\n<h3>Efeitos positivos sobre o humor<\/h3>\n<p>Pesquisas indicam que o consumo moderado de caf\u00e9 est\u00e1 associado a uma redu\u00e7\u00e3o nos \u00edndices de depress\u00e3o. Ao bloquear a a\u00e7\u00e3o da adenosina, a cafe\u00edna indiretamente estimula a libera\u00e7\u00e3o de neurotransmissores como a serotonina , subst\u00e2ncia essencial para manter o equil\u00edbrio emocional. Esse efeito contribui para uma sensa\u00e7\u00e3o geral de bem-estar e pode at\u00e9 melhorar o humor em momentos de cansa\u00e7o ou des\u00e2nimo.<\/p>\n<p>No canal do Youtube &#8216;Ol\u00e1, ci\u00eancia!&#8217;, o biom\u00e9dico Lucas Zanandrez afirma o que a ci\u00eancia fala sobre o caf\u00e9. Confira:<\/p>\n<div class=\"jeg_video_container jeg_video_content\"><iframe title=\"Os Benef\u00edcios do CAF\u00c9 na SA\u00daDE: O que NUNCA TE CONTARAM\" width=\"500\" height=\"281\" src=\"https:\/\/www.youtube.com\/embed\/hijKVQpQKvE?feature=oembed\" frameborder=\"0\" allow=\"accelerometer; autoplay; clipboard-write; encrypted-media; gyroscope; picture-in-picture; web-share\" referrerpolicy=\"strict-origin-when-cross-origin\" allowfullscreen><\/iframe><\/div>\n<h2>A sinergia entre caf\u00e9 e L-teanina<\/h2>\n<p>Uma combina\u00e7\u00e3o interessante que tem sido estudada \u00e9 a do caf\u00e9 com a L-teanina, um amino\u00e1cido encontrado no <a href=\"https:\/\/www.cha-verde.net\/cafeina-e-l-teanina\/\" target=\"_blank\" rel=\"noopener\">ch\u00e1 verde<\/a>. Essa combina\u00e7\u00e3o pode resultar em um estado de &#8220;alerta relaxado&#8221;, onde a clareza mental \u00e9 mantida sem os efeitos colaterais t\u00edpicos da cafe\u00edna pura.<\/p>\n<h3>Benef\u00edcios dessa combina\u00e7\u00e3o<\/h3>\n<ol class=\"!whitespace-normal list-decimal ml-5\">\n<li class=\"pb-1\"><strong>Redu\u00e7\u00e3o da ansiedade<\/strong>: A L-teanina pode ajudar a suavizar os efeitos estimulantes da cafe\u00edna, reduzindo a sensa\u00e7\u00e3o de agita\u00e7\u00e3o.<\/li>\n<li class=\"pb-1\"><strong>Melhora na concentra\u00e7\u00e3o<\/strong>: Juntas, essas subst\u00e2ncias podem melhorar o desempenho em tarefas que exigem aten\u00e7\u00e3o sustentada, favorecendo a multitarefa.<\/li>\n<\/ol>\n<p>Essa sinergia torna o ch\u00e1 verde uma alternativa popular para aqueles que desejam os benef\u00edcios da cafe\u00edna sem os efeitos colaterais indesejados.<\/p>\n<h2>A rela\u00e7\u00e3o entre caf\u00e9 e doen\u00e7as neurodegenerativas<\/h2>\n<p>Estudos recentes t\u00eam sugerido que o consumo regular de caf\u00e9 pode estar associado a um menor risco de desenvolver doen\u00e7as neurodegenerativas, como Alzheimer e Parkinson. Esses estudos confirmam que o caf\u00e9 pode proteger o c\u00e9rebro.<\/p>\n<h3>Mecanismos de prote\u00e7\u00e3o<\/h3>\n<ol class=\"!whitespace-normal list-decimal ml-5\">\n<li class=\"pb-1\"><strong>Propriedades antioxidantes<\/strong>: A cafe\u00edna possui propriedades antioxidantes que podem ajudar a combater o estresse oxidativo no c\u00e9rebro.<\/li>\n<li class=\"pb-1\"><strong>Redu\u00e7\u00e3o da neuroinflama\u00e7\u00e3o<\/strong>: A subst\u00e2ncia pode contribuir para a diminui\u00e7\u00e3o da inflama\u00e7\u00e3o cerebral, um fator que est\u00e1 ligado ao desenvolvimento de doen\u00e7as neurodegenerativas.<\/li>\n<li class=\"pb-1\"><strong>Bloqueia a forma\u00e7\u00e3o de beta-amiloides<\/strong>: Evita o ac\u00famulo dessas placas, que s\u00e3o caracter\u00edsticas da doen\u00e7a de Alzheimer.<\/li>\n<\/ol>\n<h3>Cuidado ao consumir excessivamente o caf\u00e9!<\/h3>\n<p>Embora o caf\u00e9 tenha efeitos positivos no humor, \u00e9 crucial lembrar que o consumo excessivo pode ter o efeito oposto. Altas doses de cafe\u00edna podem provocar <a href=\"https:\/\/senanutri.com.br\/blog\/descubra-como-melhorar-a-ansiedade-com-atitudes-simples-do-dia-a-dia\/\">ansiedade<\/a>, ins\u00f4nia e irritabilidade. Portanto, \u00e9 importante encontrar um equil\u00edbrio saud\u00e1vel.<\/p>\n<h3>Recomenda\u00e7\u00f5es de consumo<\/h3>\n<ul class=\"!whitespace-normal list-disc ml-5\">\n<li class=\"pb-1\"><strong>Dose ideal<\/strong>: Para a maioria dos adultos, a ingest\u00e3o de 100 a 200 mg de cafe\u00edna (equivalente a 1 a 2 x\u00edcaras de caf\u00e9) \u00e9 considerada segura e ben\u00e9fica.<\/li>\n<li class=\"pb-1\"><strong>Limites recomendados<\/strong>: A Organiza\u00e7\u00e3o Mundial da Sa\u00fade sugere que o consumo di\u00e1rio n\u00e3o ultrapasse 400 mg, o que equivale a cerca de 4 a 5 x\u00edcaras.<\/li>\n<li class=\"pb-1\"><strong>Grupos de risco<\/strong>: Pessoas com hipertens\u00e3o, ansiedade ou problemas card\u00edacos devem consultar um profissional de sa\u00fade antes de aumentar a ingest\u00e3o de cafe\u00edna.<\/li>\n<\/ul>\n<h3>Hor\u00e1rios recomendados para consumir o caf\u00e9<\/h3>\n<ul class=\"!whitespace-normal list-disc ml-5\">\n<li class=\"pb-1\"><strong>Manh\u00e3<\/strong>: aumentando sua produtividade e o foco nas primeiras horas do dia.<\/li>\n<li class=\"pb-1\"><strong>In\u00edcio da tarde<\/strong>: Pode te ajudar a combater a sonol\u00eancia p\u00f3s-almo\u00e7o.<\/li>\n<\/ul>\n<p>Para aproveitar ao m\u00e1ximo os benef\u00edcios do caf\u00e9 sem prejudicar sua sa\u00fade, o segredo est\u00e1 no equil\u00edbrio. Conhecer os efeitos da cafe\u00edna e respeitar seus pr\u00f3prios limites \u00e9 essencial para transformar essa bebida t\u00e3o querida em uma verdadeira aliada do bem-estar f\u00edsico e mental.<\/p>\n<p>Quer saber como tirar o melhor dessa bebida? Continue a leitura em: <a href=\"https:\/\/senanutri.com.br\/blog\/cafeina-vila-ou-aliada-descubra-os-beneficios-e-riscos-do-consumo\/\">Cafe\u00edna: vil\u00e3 ou aliada? Descubra os benef\u00edcios e riscos do consumo<\/a><\/p>\n","protected":false},"excerpt":{"rendered":"<p>Voc\u00ea j\u00e1 parou para pensar no quanto o caf\u00e9 influencia o seu dia a dia? Para muita gente, ele vai muito al\u00e9m de um simples empurr\u00e3ozinho nas manh\u00e3s sonolentas. E se eu te dissesse que ele tamb\u00e9m pode ajudar a melhorar o humor e at\u00e9 turbinar a mem\u00f3ria? Pois \u00e9! \u00c9 o que diz a [&hellip;]<\/p>\n","protected":false},"author":12,"featured_media":1025,"comment_status":"open","ping_status":"closed","sticky":false,"template":"","format":"standard","meta":{"jnews-multi-image_gallery":[],"jnews_single_post":{"subtitle":"Como o caf\u00e9 afeta seu c\u00e9rebro, mem\u00f3ria e humor com base em estudos cient\u00edficos recentes","format":"standard","override":[{"template":"1","parallax":"1","fullscreen":"1","layout":"right-sidebar","sidebar":"default-sidebar","second_sidebar":"default-sidebar","sticky_sidebar":"1","share_position":"top","share_float_style":"share-monocrhome","show_featured":"1","show_post_meta":"1","show_post_author":"1","show_post_author_image":"1","show_post_date":"1","post_date_format":"default","post_date_format_custom":"Y\/m\/d","show_post_category":"1","show_post_reading_time":"0","post_reading_time_wpm":"300","post_calculate_word_method":"str_word_count","show_zoom_button":"0","zoom_button_out_step":"2","zoom_button_in_step":"3","show_post_tag":"1","show_prev_next_post":"1","show_popup_post":"1","number_popup_post":"1","show_author_box":"1","show_post_related":"1","show_inline_post_related":"1"}],"image_override":[{"single_post_thumbnail_size":"crop-500","single_post_gallery_size":"crop-500"}],"trending_post_position":"meta","trending_post_label":"Trending","sponsored_post_label":"Sponsored by","disable_ad":"0"},"jnews_primary_category":[],"jnews_social_meta":[],"jnews_override_counter":{"view_counter_number":"0","share_counter_number":"0","like_counter_number":"0","dislike_counter_number":"0"},"footnotes":""},"categories":[5],"tags":[360,321,358,359,69,304],"class_list":["post-1024","post","type-post","status-publish","format-standard","has-post-thumbnail","hentry","category-noticias","tag-beneficios-do-cafe","tag-cafe","tag-cafeina","tag-humor","tag-memoria","tag-saude-mental"],"_links":{"self":[{"href":"https:\/\/senanutri.com.br\/blog\/wp-json\/wp\/v2\/posts\/1024","targetHints":{"allow":["GET"]}}],"collection":[{"href":"https:\/\/senanutri.com.br\/blog\/wp-json\/wp\/v2\/posts"}],"about":[{"href":"https:\/\/senanutri.com.br\/blog\/wp-json\/wp\/v2\/types\/post"}],"author":[{"embeddable":true,"href":"https:\/\/senanutri.com.br\/blog\/wp-json\/wp\/v2\/users\/12"}],"replies":[{"embeddable":true,"href":"https:\/\/senanutri.com.br\/blog\/wp-json\/wp\/v2\/comments?post=1024"}],"version-history":[{"count":3,"href":"https:\/\/senanutri.com.br\/blog\/wp-json\/wp\/v2\/posts\/1024\/revisions"}],"predecessor-version":[{"id":1029,"href":"https:\/\/senanutri.com.br\/blog\/wp-json\/wp\/v2\/posts\/1024\/revisions\/1029"}],"wp:featuredmedia":[{"embeddable":true,"href":"https:\/\/senanutri.com.br\/blog\/wp-json\/wp\/v2\/media\/1025"}],"wp:attachment":[{"href":"https:\/\/senanutri.com.br\/blog\/wp-json\/wp\/v2\/media?parent=1024"}],"wp:term":[{"taxonomy":"category","embeddable":true,"href":"https:\/\/senanutri.com.br\/blog\/wp-json\/wp\/v2\/categories?post=1024"},{"taxonomy":"post_tag","embeddable":true,"href":"https:\/\/senanutri.com.br\/blog\/wp-json\/wp\/v2\/tags?post=1024"}],"curies":[{"name":"wp","href":"https:\/\/api.w.org\/{rel}","templated":true}]}}