{"id":1184,"date":"2025-04-24T18:24:22","date_gmt":"2025-04-24T21:24:22","guid":{"rendered":"https:\/\/senanutri.com.br\/blog\/?p=1184"},"modified":"2025-04-24T15:36:38","modified_gmt":"2025-04-24T18:36:38","slug":"esquecer-nomes-datas-ou-compromissos-saiba-o-que-isso-pode-revelar","status":"publish","type":"post","link":"https:\/\/senanutri.com.br\/blog\/esquecer-nomes-datas-ou-compromissos-saiba-o-que-isso-pode-revelar\/","title":{"rendered":"Esquecer nomes, datas ou compromissos? Saiba o que isso pode revelar"},"content":{"rendered":"<p class=\"\" data-start=\"167\" data-end=\"478\">Tem percebido que est\u00e1 esquecendo com mais frequ\u00eancia nomes, datas ou at\u00e9 onde deixou objetos do dia a dia? Esses<strong> lapsos de mem\u00f3ria<\/strong>, embora pare\u00e7am normais diante do estresse e da pressa cotidiana, podem se tornar um sinal de alerta quando come\u00e7am a interferir nas suas atividades rotineiras. Especialistas explicam que, quando os esquecimentos passam a ser recorrentes, \u00e9 importante considerar poss\u00edveis causas relacionadas \u00e0 <a href=\"https:\/\/senanutri.com.br\/blog\/saude-mental\/\">sa\u00fade mental<\/a> ou at\u00e9 mesmo condi\u00e7\u00f5es neurol\u00f3gicas.<\/p>\n<h2 data-start=\"625\" data-end=\"685\">Afinal, o que s\u00e3o esses esquecimentos?<\/h2>\n<p class=\"\" data-start=\"687\" data-end=\"1040\">Todo mundo j\u00e1 passou por aqueles momentos em que a mente simplesmente \u201cd\u00e1 um branco\u201d. Esses epis\u00f3dios s\u00e3o conhecidos como lapsos de mem\u00f3ria, interrup\u00e7\u00f5es moment\u00e2neas que dificultam o acesso a informa\u00e7\u00f5es que, em condi\u00e7\u00f5es normais, seriam facilmente lembradas.\u00a0Eles podem acontecer em qualquer idade e, muitas vezes, t\u00eam rela\u00e7\u00e3o com fatores como <a href=\"https:\/\/senanutri.com.br\/blog\/menos-estresse-mais-mente-afiada\/\">estresse<\/a>, cansa\u00e7o ou distra\u00e7\u00f5es do cotidiano.<\/p>\n<h3 class=\"\" data-start=\"1182\" data-end=\"1227\">O que pode estar provocando esses lapsos?<\/h3>\n<p class=\"\" data-start=\"1229\" data-end=\"1278\">Alguns motivos muito comuns:<\/p>\n<ul data-start=\"1280\" data-end=\"1777\">\n<li class=\"\" data-start=\"1280\" data-end=\"1442\">\n<p class=\"\" data-start=\"1282\" data-end=\"1442\"><strong data-start=\"1282\" data-end=\"1315\">Estresse e sobrecarga mental:<\/strong> A quantidade de coisas que voc\u00ea precisa dar conta pode sobrecarregar o c\u00e9rebro, dificultando a fixa\u00e7\u00e3o de novas informa\u00e7\u00f5es.<\/p>\n<\/li>\n<li class=\"\" data-start=\"1443\" data-end=\"1553\">\n<p class=\"\" data-start=\"1445\" data-end=\"1553\"><strong data-start=\"1445\" data-end=\"1466\">Priva\u00e7\u00e3o de sono:<\/strong> <a href=\"https:\/\/senanutri.com.br\/blog\/dormir-mal-pode-estar-te-impedindo-de-emagrecer\/\">Dormir mal ou pouco<\/a> interfere diretamente na capacidade de concentra\u00e7\u00e3o e memoriza\u00e7\u00e3o.<\/p>\n<\/li>\n<li class=\"\" data-start=\"1554\" data-end=\"1659\">\n<p class=\"\" data-start=\"1556\" data-end=\"1659\"><strong data-start=\"57\" data-end=\"88\">Alimenta\u00e7\u00e3o desequilibrada:<\/strong> A aus\u00eancia de vitaminas e minerais essenciais pode comprometer a sa\u00fade do c\u00e9rebro e afetar diretamente a mem\u00f3ria.<\/p>\n<\/li>\n<li class=\"\" data-start=\"1660\" data-end=\"1777\">\n<p class=\"\" data-start=\"1662\" data-end=\"1777\"><strong data-start=\"1662\" data-end=\"1687\">Oscila\u00e7\u00f5es hormonais:<\/strong> Fases como a menopausa podem provocar altera\u00e7\u00f5es na mem\u00f3ria devido \u00e0s mudan\u00e7as hormonais.<\/p>\n<\/li>\n<\/ul>\n<h2 data-start=\"1779\" data-end=\"1825\">Quando o esquecimento deixa de ser normal?<\/h2>\n<p class=\"\" data-start=\"1827\" data-end=\"1903\">Nem todo <a href=\"https:\/\/senanutri.com.br\/blog\/erros-que-prejudicam-a-memoria\/\">esquecimento<\/a> \u00e9 preocupante, mas existem sinais que merecem sua aten\u00e7\u00e3o:<\/p>\n<ul data-start=\"1905\" data-end=\"2167\">\n<li class=\"\" data-start=\"1905\" data-end=\"1988\">\n<p class=\"\" data-start=\"1907\" data-end=\"1988\">Quando voc\u00ea esquece com frequ\u00eancia informa\u00e7\u00f5es que antes lembrava com facilidade.<\/p>\n<\/li>\n<li class=\"\" data-start=\"1989\" data-end=\"2043\">\n<p class=\"\" data-start=\"1991\" data-end=\"2043\">Quando falha ao lembrar de compromissos importantes.<\/p>\n<\/li>\n<li class=\"\" data-start=\"2044\" data-end=\"2086\">\n<p class=\"\" data-start=\"2046\" data-end=\"2086\">Se sentir confuso em lugares conhecidos.<\/p>\n<\/li>\n<li class=\"\" data-start=\"2087\" data-end=\"2167\">\n<p class=\"\" data-start=\"2089\" data-end=\"2167\">Se notar mudan\u00e7as no comportamento, como irritabilidade ou falta de motiva\u00e7\u00e3o.<\/p>\n<\/li>\n<\/ul>\n<p>Voc\u00ea j\u00e1 percebeu se esses sinais t\u00eam aparecido no seu dia a dia, ou em algu\u00e9m pr\u00f3ximo?<\/p>\n<p class=\"\" data-start=\"2261\" data-end=\"2392\">Esses sintomas podem indicar condi\u00e7\u00f5es mais s\u00e9rias, como dem\u00eancia ou Alzheimer, e devem ser avaliados por um profissional da sa\u00fade.<\/p>\n<h2 data-start=\"2394\" data-end=\"2437\">Sa\u00fade mental e mem\u00f3ria: qual a liga\u00e7\u00e3o?<\/h2>\n<p class=\"\" data-start=\"2439\" data-end=\"2615\">Problemas como ansiedade e depress\u00e3o, por exemplo, afetam diretamente a forma como processamos e guardamos informa\u00e7\u00f5es.<\/p>\n<ul>\n<li data-start=\"72\" data-end=\"232\"><strong data-start=\"72\" data-end=\"86\">Ansiedade:<\/strong> Viver em estado de tens\u00e3o cont\u00ednua pode atrapalhar o foco e a capacidade de absorver novas informa\u00e7\u00f5es, resultando em esquecimentos frequentes.<\/li>\n<li><strong data-start=\"234\" data-end=\"248\">Depress\u00e3o:<\/strong> Essa condi\u00e7\u00e3o afeta diretamente o funcionamento dos neurotransmissores, o que pode reduzir a aten\u00e7\u00e3o e dificultar a lembran\u00e7a de fatos e compromissos do dia.<\/li>\n<\/ul>\n<h2 data-start=\"2849\" data-end=\"2890\">Como \u00e9 poss\u00edvel fortalecer a mem\u00f3ria?<\/h2>\n<p>Manter a mem\u00f3ria afiada e a mente ativa depende de pequenos h\u00e1bitos no dia a dia que fazem uma grande diferen\u00e7a. Dormir bem, praticar atividades f\u00edsicas, ter uma <a href=\"https:\/\/senanutri.com.br\/blog\/alimentos-que-turbinam-seu-cerebro-o-que-incluir-na-dieta-para-melhorar-a-memoria\/\">alimenta\u00e7\u00e3o<\/a> equilibrada, rica em frutas, vegetais, gr\u00e3os, peixes e fontes de \u00f4mega-3, exercitar a mente constantemente com leituras, jogos de l\u00f3gica ou novos aprendizados.<\/p>\n<p>Outra alternativa \u00e9 considerar o uso de suplementos que contenham colina, como o <a href=\"https:\/\/memorizen.com.br\/\" target=\"_blank\" rel=\"noopener\">Memorizen<\/a>, que pode ajudar no suporte \u00e0 fun\u00e7\u00e3o cognitiva. Um suplemento natural pensado para quem busca mais clareza mental, maior capacidade de foco e uma mem\u00f3ria fortalecida.<\/p>\n<p>Com ingredientes que promovem energia, disposi\u00e7\u00e3o e bem-estar emocional, o <strong>Memorizen<\/strong> ser\u00e1 seu grande aliado.<\/p>\n<figure id=\"attachment_985\" aria-describedby=\"caption-attachment-985\" style=\"width: 271px\" class=\"wp-caption aligncenter\"><img decoding=\"async\" class=\"size-medium wp-image-985\" title=\"Suplemento Memorizen para foco, mem\u00f3ria e disposi\u00e7\u00e3o.\" src=\"https:\/\/senanutri.com.br\/blog\/wp-content\/uploads\/2025\/04\/MEMORIZEN-01-1-271x300.webp\" alt=\"Frascos do suplemento Memorizen com L-tirosina, cafe\u00edna e colina, indicado para energia e foco mental.\" width=\"271\" height=\"300\" srcset=\"https:\/\/senanutri.com.br\/blog\/wp-content\/uploads\/2025\/04\/MEMORIZEN-01-1-271x300.webp 271w, https:\/\/senanutri.com.br\/blog\/wp-content\/uploads\/2025\/04\/MEMORIZEN-01-1-927x1024.webp 927w, https:\/\/senanutri.com.br\/blog\/wp-content\/uploads\/2025\/04\/MEMORIZEN-01-1-768x849.webp 768w, https:\/\/senanutri.com.br\/blog\/wp-content\/uploads\/2025\/04\/MEMORIZEN-01-1-750x829.webp 750w, https:\/\/senanutri.com.br\/blog\/wp-content\/uploads\/2025\/04\/MEMORIZEN-01-1.webp 1000w\" sizes=\"(max-width: 271px) 100vw, 271px\" \/><figcaption id=\"caption-attachment-985\" class=\"wp-caption-text\">Memorizen: suplemento com L-tirosina, cafe\u00edna e colina para melhorar foco, mem\u00f3ria e energia mental.<br \/>Imagem: Sena Nutri.<\/figcaption><\/figure>\n<h2 data-start=\"3554\" data-end=\"3588\">Quando \u00e9 hora de buscar ajuda?<\/h2>\n<p class=\"\" data-start=\"3590\" data-end=\"3798\">Quando os esquecimentos passam a atrapalhar seu dia a dia ou causar desconforto, \u00e9 fundamental buscar a orienta\u00e7\u00e3o de um profissional. Um neurologista, por exemplo, pode fazer uma avalia\u00e7\u00e3o detalhada e indicar os pr\u00f3ximos passos.<\/p>\n<p>Voc\u00ea tem escutado os sinais do seu corpo e da sua mente ultimamente?<\/p>\n<p class=\"\" data-start=\"3874\" data-end=\"4120\">Pequenas atitudes no dia a dia podem fazer grande diferen\u00e7a, mas quando os esquecimentos se tornam frequentes, buscar apoio profissional \u00e9 essencial. Preste aten\u00e7\u00e3o aos sinais e aja antes que eles impactem sua rotina de forma mais s\u00e9ria.<\/p>\n<p data-start=\"3874\" data-end=\"4120\">Saiba mais em como <a href=\"https:\/\/senanutri.com.br\/blog\/como-sua-memoria-pode-melhorar-so-com-10-minutos-por-dia\/\">sua mem\u00f3ria pode melhorar com pequenos minutos do seu dia<\/a>.<\/p>\n","protected":false},"excerpt":{"rendered":"<p>Tem percebido que est\u00e1 esquecendo com mais frequ\u00eancia nomes, datas ou at\u00e9 onde deixou objetos do dia a dia? Esses lapsos de mem\u00f3ria, embora pare\u00e7am normais diante do estresse e da pressa cotidiana, podem se tornar um sinal de alerta quando come\u00e7am a interferir nas suas atividades rotineiras. Especialistas explicam que, quando os esquecimentos passam [&hellip;]<\/p>\n","protected":false},"author":12,"featured_media":1185,"comment_status":"open","ping_status":"closed","sticky":false,"template":"","format":"standard","meta":{"jnews-multi-image_gallery":[],"jnews_single_post":{"format":"standard","override":[{"template":"1","parallax":"1","fullscreen":"1","layout":"right-sidebar","sidebar":"default-sidebar","second_sidebar":"default-sidebar","sticky_sidebar":"1","share_position":"top","share_float_style":"share-monocrhome","show_featured":"1","show_post_meta":"1","show_post_author":"1","show_post_author_image":"1","show_post_date":"1","post_date_format":"default","post_date_format_custom":"Y\/m\/d","show_post_category":"1","show_post_reading_time":"0","post_reading_time_wpm":"300","post_calculate_word_method":"str_word_count","show_zoom_button":"0","zoom_button_out_step":"2","zoom_button_in_step":"3","show_post_tag":"1","show_prev_next_post":"1","show_popup_post":"1","number_popup_post":"1","show_author_box":"1","show_post_related":"1","show_inline_post_related":"1"}],"image_override":[{"single_post_thumbnail_size":"crop-500","single_post_gallery_size":"crop-500"}],"trending_post_position":"meta","trending_post_label":"Trending","sponsored_post_label":"Sponsored by","disable_ad":"0","subtitle":"Esquecimentos frequentes podem indicar mais do que distra\u00e7\u00e3o."},"jnews_primary_category":[],"jnews_social_meta":[],"jnews_override_counter":{"view_counter_number":"0","share_counter_number":"0","like_counter_number":"0","dislike_counter_number":"0"},"footnotes":""},"categories":[3],"tags":[51,450,449,69,304,370],"class_list":["post-1184","post","type-post","status-publish","format-standard","has-post-thumbnail","hentry","category-memoria-e-foco","tag-alimentacao-saudavel","tag-estresse","tag-lapsos-de-memoria","tag-memoria","tag-saude-mental","tag-sono"],"_links":{"self":[{"href":"https:\/\/senanutri.com.br\/blog\/wp-json\/wp\/v2\/posts\/1184","targetHints":{"allow":["GET"]}}],"collection":[{"href":"https:\/\/senanutri.com.br\/blog\/wp-json\/wp\/v2\/posts"}],"about":[{"href":"https:\/\/senanutri.com.br\/blog\/wp-json\/wp\/v2\/types\/post"}],"author":[{"embeddable":true,"href":"https:\/\/senanutri.com.br\/blog\/wp-json\/wp\/v2\/users\/12"}],"replies":[{"embeddable":true,"href":"https:\/\/senanutri.com.br\/blog\/wp-json\/wp\/v2\/comments?post=1184"}],"version-history":[{"count":7,"href":"https:\/\/senanutri.com.br\/blog\/wp-json\/wp\/v2\/posts\/1184\/revisions"}],"predecessor-version":[{"id":1199,"href":"https:\/\/senanutri.com.br\/blog\/wp-json\/wp\/v2\/posts\/1184\/revisions\/1199"}],"wp:featuredmedia":[{"embeddable":true,"href":"https:\/\/senanutri.com.br\/blog\/wp-json\/wp\/v2\/media\/1185"}],"wp:attachment":[{"href":"https:\/\/senanutri.com.br\/blog\/wp-json\/wp\/v2\/media?parent=1184"}],"wp:term":[{"taxonomy":"category","embeddable":true,"href":"https:\/\/senanutri.com.br\/blog\/wp-json\/wp\/v2\/categories?post=1184"},{"taxonomy":"post_tag","embeddable":true,"href":"https:\/\/senanutri.com.br\/blog\/wp-json\/wp\/v2\/tags?post=1184"}],"curies":[{"name":"wp","href":"https:\/\/api.w.org\/{rel}","templated":true}]}}