{"id":1801,"date":"2025-05-27T20:24:15","date_gmt":"2025-05-27T23:24:15","guid":{"rendered":"https:\/\/senanutri.com.br\/blog\/?p=1801"},"modified":"2025-05-27T14:20:59","modified_gmt":"2025-05-27T17:20:59","slug":"como-elevar-a-vitamina-d-no-corpo-dicas-naturais-e-seguras-para-o-dia-a-dia","status":"publish","type":"post","link":"https:\/\/senanutri.com.br\/blog\/como-elevar-a-vitamina-d-no-corpo-dicas-naturais-e-seguras-para-o-dia-a-dia\/","title":{"rendered":"Como elevar a vitamina D no corpo: Dicas naturais e seguras para o dia a dia"},"content":{"rendered":"<p>Voc\u00ea j\u00e1 ouviu falar que a <strong>vitamina D \u00e9 a \u201cvitamina do sol\u201d<\/strong>? Isso n\u00e3o \u00e9 \u00e0 toa! Ela \u00e9 sua melhor amiga para ajudar na absor\u00e7\u00e3o de c\u00e1lcio, que mant\u00e9m seus ossos fortes. Al\u00e9m disso, ela d\u00e1 aquele empurr\u00e3o no seu sistema imunol\u00f3gico, deixando voc\u00ea mais protegido contra doen\u00e7as. Quando sua pele recebe os raios solares UVB, ela come\u00e7a a fabricar vitamina D3, que \u00e9 o tipo que o seu corpo adora usar.<\/p>\n<p>Sem essa ajuda do sol e da vitamina D, seus ossos podem ficar fragilizados, porque \u00e9 a <a href=\"https:\/\/senanutri.com.br\/blog\/falta-de-vitamina-b12-os-sintomas-silenciosos-que-podem-afetar-seu-cerebro-e-seus-nervos\/\">vitamina<\/a> que facilita a entrada do c\u00e1lcio e do f\u00f3sforo no seu organismo. Ent\u00e3o, manter seus n\u00edveis de vitamina D em dia \u00e9 uma \u00f3tima forma de garantir sa\u00fade e bem-estar.<\/p>\n<h2>Fontes naturais de vitamina D<\/h2>\n<p>Claro, tomar sol \u00e9 importante, mas voc\u00ea tamb\u00e9m pode pegar uma \u201cforcinha\u201d da comida para manter sua <a href=\"https:\/\/senanutri.com.br\/blog\/vitaminas-de-frutas-que-potencializam-o-ganho-de-massa-muscular\/\">vitamina<\/a> D no topo. Aqui est\u00e3o alguns alimentos que d\u00e3o aquela for\u00e7a para o seu corpo:<\/p>\n<h3>Alimentos ricos em vitamina D<\/h3>\n<ul>\n<li><strong>Peixes gordurosos:<\/strong> Salm\u00e3o, atum e sardinha s\u00e3o verdadeiros campe\u00f5es no fornecimento de vitamina D.<\/li>\n<li><strong>F\u00edgado:<\/strong> O <a href=\"https:\/\/senanutri.com.br\/blog\/por-que-incluir-figado-de-boi-na-dieta-veja-os-beneficios-para-a-saude\/\">f\u00edgado<\/a> de boi \u00e9 uma fonte super nutritiva e rica em vitamina D.<\/li>\n<li><strong>Ovos:<\/strong> A gema \u00e9 onde a m\u00e1gica acontece, com uma quantidade legal desse nutriente.<\/li>\n<li><strong>Cogumelos:<\/strong> Aqueles que tomam um banho de sol tamb\u00e9m s\u00e3o fontes valiosas de vitamina D.<\/li>\n<\/ul>\n<figure id=\"attachment_873\" aria-describedby=\"caption-attachment-873\" style=\"width: 1024px\" class=\"wp-caption aligncenter\"><img decoding=\"async\" class=\"wp-image-873 size-large\" title=\"F\u00edgado de boi cru com cebolas e especiarias\" src=\"https:\/\/senanutri.com.br\/blog\/wp-content\/uploads\/2025\/04\/raw-chicken-liver-cooking-with-onions-peppers_compressed-e1748357819478-1024x875.webp\" alt=\"F\u00edgado de boi cru com temperos, cebolas e ervas frescas sobre uma superf\u00edcie de madeira.\" width=\"1024\" height=\"875\" srcset=\"https:\/\/senanutri.com.br\/blog\/wp-content\/uploads\/2025\/04\/raw-chicken-liver-cooking-with-onions-peppers_compressed-e1748357819478-1024x875.webp 1024w, https:\/\/senanutri.com.br\/blog\/wp-content\/uploads\/2025\/04\/raw-chicken-liver-cooking-with-onions-peppers_compressed-e1748357819478-300x256.webp 300w, https:\/\/senanutri.com.br\/blog\/wp-content\/uploads\/2025\/04\/raw-chicken-liver-cooking-with-onions-peppers_compressed-e1748357819478-768x656.webp 768w, https:\/\/senanutri.com.br\/blog\/wp-content\/uploads\/2025\/04\/raw-chicken-liver-cooking-with-onions-peppers_compressed-e1748357819478-750x641.webp 750w, https:\/\/senanutri.com.br\/blog\/wp-content\/uploads\/2025\/04\/raw-chicken-liver-cooking-with-onions-peppers_compressed-e1748357819478-1140x974.webp 1140w, https:\/\/senanutri.com.br\/blog\/wp-content\/uploads\/2025\/04\/raw-chicken-liver-cooking-with-onions-peppers_compressed-e1748357819478.webp 1498w\" sizes=\"(max-width: 1024px) 100vw, 1024px\" \/><figcaption id=\"caption-attachment-873\" class=\"wp-caption-text\">F\u00edgado de boi, um alimento rico para sa\u00fade. Imagem: Freepik<\/figcaption><\/figure>\n<h3>Alimentos fortificados<\/h3>\n<p>Al\u00e9m disso, v\u00e1rios alimentos v\u00eam \u201cturbinados\u201d com vitamina D para facilitar sua vida:<\/p>\n<ul>\n<li><strong>Leite e derivados:<\/strong> Muitos latic\u00ednios s\u00e3o enriquecidos para ajudar voc\u00ea a alcan\u00e7ar a dose certa.<\/li>\n<li><strong>Cereais:<\/strong> Alguns cereais matinais j\u00e1 v\u00eam fortificados, prontos para o seu caf\u00e9 da manh\u00e3.<\/li>\n<\/ul>\n<h2>Exposi\u00e7\u00e3o ao sol: a melhor fonte<\/h2>\n<p>Nada supera o poder do sol para garantir que seu corpo crie vitamina D na medida certa. Para aproveitar essa fonte natural sem exageros, fique ligado nessas dicas:<\/p>\n<h3>Dicas para tomar sol<\/h3>\n<ul>\n<li><strong>Hor\u00e1rio ideal:<\/strong> Entre 10h e 15h, quando o sol est\u00e1 mais forte, \u00e9 o momento para garantir os raios UVB que ativam a produ\u00e7\u00e3o da vitamina.<\/li>\n<li><strong>Dura\u00e7\u00e3o:<\/strong> De 15 a 30 minutos, de 2 a 3 vezes por semana, j\u00e1 d\u00e3o conta do recado para a maioria das pessoas.<\/li>\n<li><strong>Pele exposta:<\/strong> Certifique-se de que bra\u00e7os e pernas estejam de fora para potencializar a fabrica\u00e7\u00e3o da vitamina.<\/li>\n<\/ul>\n<figure id=\"attachment_1808\" aria-describedby=\"caption-attachment-1808\" style=\"width: 639px\" class=\"wp-caption aligncenter\"><img decoding=\"async\" class=\"wp-image-1808\" title=\"Aproveitando a luz solar para a vitamina D\" src=\"https:\/\/senanutri.com.br\/blog\/wp-content\/uploads\/2025\/05\/mulher-relaxando-piscina-vitaminaD-500px.webp\" alt=\"Mulher tomando sol ao lado da piscina segurando suco de laranja\" width=\"639\" height=\"419\" srcset=\"https:\/\/senanutri.com.br\/blog\/wp-content\/uploads\/2025\/05\/mulher-relaxando-piscina-vitaminaD-500px.webp 500w, https:\/\/senanutri.com.br\/blog\/wp-content\/uploads\/2025\/05\/mulher-relaxando-piscina-vitaminaD-500px-300x197.webp 300w\" sizes=\"(max-width: 639px) 100vw, 639px\" \/><figcaption id=\"caption-attachment-1808\" class=\"wp-caption-text\">Garanta sua dose de vitamina D aproveitando um tempo ao sol de forma segura.<br \/>Imagem: Freepik<\/figcaption><\/figure>\n<h3>Cuidados necess\u00e1rios<\/h3>\n<p>Mesmo sabendo que o sol \u00e9 seu parceiro, n\u00e3o v\u00e1 se descuidar! Depois dos primeiros 15 a 30 minutos de exposi\u00e7\u00e3o, use protetor solar para proteger sua pele e evitar queimaduras ou problemas mais s\u00e9rios, como o c\u00e2ncer de pele.<\/p>\n<h2>O que pode mudar a forma como seu corpo produz vitamina D?<\/h2>\n<p>Nem todo mundo produz vitamina D do mesmo jeito, e alguns fatores podem interferir nesse processo:<\/p>\n<ul>\n<li><strong>Cor da pele:<\/strong> Se sua pele \u00e9 mais escura, a melanina funciona como um filtro natural que diminui a produ\u00e7\u00e3o de vitamina D. Ou seja, pode ser que voc\u00ea precise passar um pouco mais de tempo no sol para compensar.<\/li>\n<li><strong>Idade:<\/strong> Conforme os anos passam, sua pele perde um pouco da habilidade de fabricar vitamina D, ent\u00e3o quem j\u00e1 est\u00e1 na melhor idade deve ficar atento \u00e0 exposi\u00e7\u00e3o e alimenta\u00e7\u00e3o.<\/li>\n<li><strong>Condi\u00e7\u00f5es de sa\u00fade:<\/strong> Algumas doen\u00e7as e medicamentos podem dificultar a absor\u00e7\u00e3o da vitamina. Caso tenha d\u00favidas, conversar com um profissional de sa\u00fade \u00e9 sempre uma boa ideia.<\/li>\n<\/ul>\n<h2>Suplementa\u00e7\u00e3o: quando \u00e9 necess\u00e1ria?<\/h2>\n<p>Voc\u00ea pode at\u00e9 tentar manter a vitamina D em dia com sol e comida, mas tem situa\u00e7\u00f5es em que os suplementos entram em cena para ajudar:<\/p>\n<ul>\n<li><strong>Pessoas com defici\u00eancia:<\/strong> Quem tem n\u00edveis baixos precisa daquela dose extra para equilibrar.<\/li>\n<li><strong>Vegetarianos e veganos:<\/strong> Como os alimentos mais ricos s\u00e3o de origem animal, quem n\u00e3o consome esses itens pode precisar de suplementa\u00e7\u00e3o.<\/li>\n<li><strong>Idosos:<\/strong> \u00c0 medida que a produ\u00e7\u00e3o natural cai, a suplementa\u00e7\u00e3o pode ser um apoio importante para quem j\u00e1 tem mais idade.<\/li>\n<\/ul>\n<h2>Monitoramento dos n\u00edveis de vitamina D<\/h2>\n<p>Para n\u00e3o errar na dose, \u00e9 legal ficar de olho nos n\u00edveis de vitamina D. Um exame de sangue simples pode mostrar se voc\u00ea est\u00e1 com a quantidade certa no organismo. Assim, voc\u00ea pode ajustar sua dieta, a exposi\u00e7\u00e3o ao sol ou at\u00e9 mesmo a suplementa\u00e7\u00e3o com seguran\u00e7a.<\/p>\n<p>Manter sua vitamina D em equil\u00edbrio \u00e9 uma excelente forma de cuidar da sua sa\u00fade sem complica\u00e7\u00f5es. Voc\u00ea ajuda seu corpo a funcionar bem e se sentir no melhor. Cuide bem do seu corpo, aproveite os benef\u00edcios do sol com responsabilidade, e deixe sua vitamina D trabalhar para voc\u00ea!<\/p>\n","protected":false},"excerpt":{"rendered":"<p>Voc\u00ea j\u00e1 ouviu falar que a vitamina D \u00e9 a \u201cvitamina do sol\u201d? Isso n\u00e3o \u00e9 \u00e0 toa! Ela \u00e9 sua melhor amiga para ajudar na absor\u00e7\u00e3o de c\u00e1lcio, que mant\u00e9m seus ossos fortes. Al\u00e9m disso, ela d\u00e1 aquele empurr\u00e3o no seu sistema imunol\u00f3gico, deixando voc\u00ea mais protegido contra doen\u00e7as. Quando sua pele recebe os [&hellip;]<\/p>\n","protected":false},"author":12,"featured_media":1804,"comment_status":"open","ping_status":"closed","sticky":false,"template":"","format":"standard","meta":{"jnews-multi-image_gallery":[],"jnews_single_post":{"subtitle":"Passos f\u00e1ceis para garantir mais vitamina D no seu corpo diariamente","format":"standard","override":[{"template":"1","parallax":"1","fullscreen":"1","layout":"right-sidebar","sidebar":"default-sidebar","second_sidebar":"default-sidebar","sticky_sidebar":"1","share_position":"top","share_float_style":"share-monocrhome","show_featured":"1","show_post_meta":"1","show_post_author":"1","show_post_author_image":"1","show_post_date":"1","post_date_format":"default","post_date_format_custom":"Y\/m\/d","show_post_category":"1","show_post_reading_time":"0","post_reading_time_wpm":"300","post_calculate_word_method":"str_word_count","show_zoom_button":"0","zoom_button_out_step":"2","zoom_button_in_step":"3","show_post_tag":"1","show_prev_next_post":"1","show_popup_post":"1","number_popup_post":"1","show_author_box":"1","show_post_related":"1","show_inline_post_related":"1"}],"image_override":[{"single_post_thumbnail_size":"crop-500","single_post_gallery_size":"crop-500"}],"trending_post_position":"meta","trending_post_label":"Trending","sponsored_post_label":"Sponsored by","disable_ad":"0"},"jnews_primary_category":[],"jnews_social_meta":[],"jnews_override_counter":{"view_counter_number":"0","share_counter_number":"0","like_counter_number":"0","dislike_counter_number":"0"},"footnotes":""},"categories":[658,5],"tags":[669,672,670,668,671,667],"class_list":["post-1801","post","type-post","status-publish","format-standard","has-post-thumbnail","hentry","category-alimentacao","category-noticias","tag-alimentos-ricos-em-vitamina-d","tag-beneficios-da-vitamina-d","tag-exposicao-ao-sol","tag-saude-ossea","tag-suplementacao-de-vitamina-d","tag-vitamina-d"],"_links":{"self":[{"href":"https:\/\/senanutri.com.br\/blog\/wp-json\/wp\/v2\/posts\/1801","targetHints":{"allow":["GET"]}}],"collection":[{"href":"https:\/\/senanutri.com.br\/blog\/wp-json\/wp\/v2\/posts"}],"about":[{"href":"https:\/\/senanutri.com.br\/blog\/wp-json\/wp\/v2\/types\/post"}],"author":[{"embeddable":true,"href":"https:\/\/senanutri.com.br\/blog\/wp-json\/wp\/v2\/users\/12"}],"replies":[{"embeddable":true,"href":"https:\/\/senanutri.com.br\/blog\/wp-json\/wp\/v2\/comments?post=1801"}],"version-history":[{"count":5,"href":"https:\/\/senanutri.com.br\/blog\/wp-json\/wp\/v2\/posts\/1801\/revisions"}],"predecessor-version":[{"id":1810,"href":"https:\/\/senanutri.com.br\/blog\/wp-json\/wp\/v2\/posts\/1801\/revisions\/1810"}],"wp:featuredmedia":[{"embeddable":true,"href":"https:\/\/senanutri.com.br\/blog\/wp-json\/wp\/v2\/media\/1804"}],"wp:attachment":[{"href":"https:\/\/senanutri.com.br\/blog\/wp-json\/wp\/v2\/media?parent=1801"}],"wp:term":[{"taxonomy":"category","embeddable":true,"href":"https:\/\/senanutri.com.br\/blog\/wp-json\/wp\/v2\/categories?post=1801"},{"taxonomy":"post_tag","embeddable":true,"href":"https:\/\/senanutri.com.br\/blog\/wp-json\/wp\/v2\/tags?post=1801"}],"curies":[{"name":"wp","href":"https:\/\/api.w.org\/{rel}","templated":true}]}}