{"id":1811,"date":"2025-05-27T21:24:33","date_gmt":"2025-05-28T00:24:33","guid":{"rendered":"https:\/\/senanutri.com.br\/blog\/?p=1811"},"modified":"2025-05-27T17:26:27","modified_gmt":"2025-05-27T20:26:27","slug":"seu-cerebro-esta-esgotado-veja-os-sinais-ocultos","status":"publish","type":"post","link":"https:\/\/senanutri.com.br\/blog\/seu-cerebro-esta-esgotado-veja-os-sinais-ocultos\/","title":{"rendered":"Seu c\u00e9rebro est\u00e1 esgotado? Veja os sinais ocultos"},"content":{"rendered":"<p>Voc\u00ea j\u00e1 sentiu aquela sensa\u00e7\u00e3o de estar completamente no limite, como se sua mente tivesse tirado f\u00e9rias e esquecido de avisar? Isso \u00e9 o <strong>esgotamento mental<\/strong>, um cansa\u00e7o profundo que n\u00e3o bate s\u00f3 no corpo, mas principalmente na cabe\u00e7a e no cora\u00e7\u00e3o. Ele aparece quando o peso das responsabilidades do trabalho, da casa e da vida cotidiana aparecem. O resultado? Voc\u00ea come\u00e7a a sentir que n\u00e3o d\u00e1 mais conta do recado.<\/p>\n<h2>Sinais de alerta<\/h2>\n<p>Seu <a href=\"https:\/\/senanutri.com.br\/blog\/cerebro-comeca-a-envelhecer-mais-rapido-a-partir-desta-idade-segundo-a-ciencia\/\">c\u00e9rebro<\/a> d\u00e1 pistas, mesmo quando voc\u00ea tenta ignorar. Ficar de olho nessas pistas pode ser a diferen\u00e7a entre continuar firme ou bater na parede. Fique atento se:<\/p>\n<ul>\n<li>As tarefas simples est\u00e3o parecendo uma miss\u00e3o imposs\u00edvel.<\/li>\n<li>O cansa\u00e7o \u00e9 t\u00e3o grande que nem um bom sono resolve.<\/li>\n<li>Voc\u00ea se pega irritado por qualquer coisa pequena, como se estivesse em um reality show de estresse.<\/li>\n<li>Aquela dor de cabe\u00e7a chata n\u00e3o quer te largar.<\/li>\n<li>Seu sono fica doido: horas demais ou horas de menos, nenhuma das duas coisas parece funcionar.<\/li>\n<\/ul>\n<h2>Como identificar o esgotamento mental?<\/h2>\n<p>\u00c0s vezes, o cansa\u00e7o mental \u00e9 t\u00e3o sutil que passa despercebido, mas seu corpo e emo\u00e7\u00f5es falam alto. Prestar aten\u00e7\u00e3o a eles \u00e9 como escutar um GPS interno que te avisa: \u201cEi, desacelere um pouco!\u201d.<\/p>\n<p>Fazer uma pausa para pensar no que voc\u00ea tem sentido ajuda bastante. Note se o cansa\u00e7o virou seu companheiro constante, se o foco naquelas tarefas simples est\u00e1 fora de alcance, ou se a irrita\u00e7\u00e3o virou seu novo \u201cmodo padr\u00e3o\u201d. Se dores aparecem do nada, sem explica\u00e7\u00e3o, seu corpo pode estar pedindo socorro.<\/p>\n<h2>Estrat\u00e9gias para aliviar o esgotamento mental<\/h2>\n<p>Agora que seu <a href=\"https:\/\/senanutri.com.br\/blog\/falta-de-vitamina-b12-os-sintomas-silenciosos-que-podem-afetar-seu-cerebro-e-seus-nervos\/\">c\u00e9rebro<\/a> j\u00e1 fez o sinal de alerta, \u00e9 hora de dar um passo para tr\u00e1s e cuidar dele. Nada de solu\u00e7\u00f5es milagrosas, mas atitudes simples que fazem toda a diferen\u00e7a:<\/p>\n<h3>Desconecte-se um pouco<\/h3>\n<p>Deixar o celular de lado e dar um tempo das redes sociais e das not\u00edcias pode parecer estranho no come\u00e7o, mas \u00e9 um verdadeiro respiro para a sua mente. Sem a constante avalanche de notifica\u00e7\u00f5es, seu c\u00e9rebro ganha espa\u00e7o para descansar e se reorganizar.<\/p>\n<h3>Mexa o corpo<\/h3>\n<p>Exerc\u00edcio n\u00e3o precisa ser uma maratona ou uma rotina pesada. Uma <a href=\"https:\/\/senanutri.com.br\/blog\/emagrecimento-com-caminhada\/\">caminhada<\/a> leve pelo quarteir\u00e3o, um alongamento simples ou at\u00e9 dan\u00e7ar aquela m\u00fasica que voc\u00ea adora j\u00e1 s\u00e3o o suficiente para estimular a produ\u00e7\u00e3o de endorfinas. Essas subst\u00e2ncias naturais do corpo \u00e9 um combust\u00edvel que melhora o humor e traz sensa\u00e7\u00e3o de bem-estar.<\/p>\n<figure id=\"attachment_1388\" aria-describedby=\"caption-attachment-1388\" style=\"width: 1024px\" class=\"wp-caption aligncenter\"><img decoding=\"async\" class=\"size-large wp-image-1388\" title=\"Aula de dan\u00e7a em grupo para sair do sedentarismo\" src=\"https:\/\/senanutri.com.br\/blog\/wp-content\/uploads\/2025\/05\/aula-de-danca-em-grupo-compactada-1024x683.webp\" alt=\"Pessoas praticando dan\u00e7a em grupo durante uma aula animada em est\u00fadio.\" width=\"1024\" height=\"683\" srcset=\"https:\/\/senanutri.com.br\/blog\/wp-content\/uploads\/2025\/05\/aula-de-danca-em-grupo-compactada-1024x683.webp 1024w, https:\/\/senanutri.com.br\/blog\/wp-content\/uploads\/2025\/05\/aula-de-danca-em-grupo-compactada-300x200.webp 300w, https:\/\/senanutri.com.br\/blog\/wp-content\/uploads\/2025\/05\/aula-de-danca-em-grupo-compactada-768x512.webp 768w, https:\/\/senanutri.com.br\/blog\/wp-content\/uploads\/2025\/05\/aula-de-danca-em-grupo-compactada-1536x1024.webp 1536w, https:\/\/senanutri.com.br\/blog\/wp-content\/uploads\/2025\/05\/aula-de-danca-em-grupo-compactada-750x500.webp 750w, https:\/\/senanutri.com.br\/blog\/wp-content\/uploads\/2025\/05\/aula-de-danca-em-grupo-compactada-1140x760.webp 1140w, https:\/\/senanutri.com.br\/blog\/wp-content\/uploads\/2025\/05\/aula-de-danca-em-grupo-compactada.webp 2047w\" sizes=\"(max-width: 1024px) 100vw, 1024px\" \/><figcaption id=\"caption-attachment-1388\" class=\"wp-caption-text\">Participe de aulas de dan\u00e7a em grupo.<br \/>Imagem: Freepik<\/figcaption><\/figure>\n<h3>Use suplementos que ajudam a sa\u00fade do c\u00e9rebro<\/h3>\n<p>Al\u00e9m das atitudes do dia a dia, existem suplementos naturais que d\u00e3o aquele refor\u00e7o extra para o funcionamento do seu c\u00e9rebro. Um exemplo \u00e9 o <a href=\"https:\/\/memorizen.com.br\/\" target=\"_blank\" rel=\"noopener\">Memorizen<\/a>, que pode ajudar a melhorar o foco, a mem\u00f3ria e a sensa\u00e7\u00e3o geral de bem-estar mental. \u00c9 um aliado poderoso voc\u00ea que est\u00e1 enfrentando o esgotamento mental. Veja a seguir:<\/p>\n<div class=\"jeg_video_container jeg_video_content\"><iframe title=\"CONHE\u00c7A O SEGREDO DO EMAGRIZEN - #SenaNutri\" width=\"500\" height=\"281\" src=\"https:\/\/www.youtube.com\/embed\/WDuoQVoGwp0?feature=oembed\" frameborder=\"0\" allow=\"accelerometer; autoplay; clipboard-write; encrypted-media; gyroscope; picture-in-picture; web-share\" referrerpolicy=\"strict-origin-when-cross-origin\" allowfullscreen><\/iframe><\/div>\n<h3>Respire fundo e desacelere<\/h3>\n<p>Momentos de medita\u00e7\u00e3o, mindfulness ou simplesmente prestar aten\u00e7\u00e3o na sua respira\u00e7\u00e3o s\u00e3o verdadeiros recarregadores de bateria para o seu c\u00e9rebro. Respirar de forma consciente, inspirando e expirando lentamente, ajuda a diminuir o estresse e a ansiedade, promovendo uma sensa\u00e7\u00e3o de calma e controle. Dedicar alguns minutos do seu dia a isso j\u00e1 pode fazer uma grande diferen\u00e7a.<\/p>\n<h3>Coloque limites<\/h3>\n<p>Aprender a dizer \u201cn\u00e3o\u201d \u00e9 um superpoder escondido e essencial para preservar sua sa\u00fade mental. N\u00e3o abra espa\u00e7o para mais compromissos, tarefas ou preocupa\u00e7\u00f5es do que voc\u00ea realmente consegue suportar. Estabelecer limites claros \u00e9 um ato de cuidado consigo mesmo, que ajuda a evitar o esgotamento emocional e a manter o equil\u00edbrio.<\/p>\n<h3>Converse com algu\u00e9m<\/h3>\n<p>Trocar ideias e sentimentos com amigos, familiares ou at\u00e9 mesmo com um profissional \u00e9 uma forma poderosa de aliviar a carga emocional. Desabafar ajuda a colocar as coisas em perspectiva e a encontrar solu\u00e7\u00f5es para os desafios que voc\u00ea enfrenta.<\/p>\n<h2>Quando procurar ajuda profissional?<\/h2>\n<p>Se mesmo com todas essas tentativas o cansa\u00e7o mental n\u00e3o melhorar, talvez seja hora de buscar um especialista. Psic\u00f3logos e psiquiatras s\u00e3o parceiros na sua sa\u00fade mental e podem oferecer orienta\u00e7\u00f5es espec\u00edficas para voc\u00ea. Fique de olho em sinais mais s\u00e9rios, como um sentimento constante de tristeza profunda, dificuldade para fazer o b\u00e1sico do dia a dia, ou pensamentos negativos que n\u00e3o te largam.<\/p>\n<figure id=\"attachment_1813\" aria-describedby=\"caption-attachment-1813\" style=\"width: 1024px\" class=\"wp-caption aligncenter\"><img decoding=\"async\" class=\"size-large wp-image-1813\" title=\"Sess\u00e3o de terapia para apoio emocional e mental.\" src=\"https:\/\/senanutri.com.br\/blog\/wp-content\/uploads\/2025\/05\/momento-de-reflexao-consulta-psicologica-1024x683.webp\" alt=\"Pessoa em sess\u00e3o de terapia, expressando emo\u00e7\u00f5es enquanto o terapeuta anota informa\u00e7\u00f5es.\" width=\"1024\" height=\"683\" srcset=\"https:\/\/senanutri.com.br\/blog\/wp-content\/uploads\/2025\/05\/momento-de-reflexao-consulta-psicologica-1024x683.webp 1024w, https:\/\/senanutri.com.br\/blog\/wp-content\/uploads\/2025\/05\/momento-de-reflexao-consulta-psicologica-300x200.webp 300w, https:\/\/senanutri.com.br\/blog\/wp-content\/uploads\/2025\/05\/momento-de-reflexao-consulta-psicologica-768x512.webp 768w, https:\/\/senanutri.com.br\/blog\/wp-content\/uploads\/2025\/05\/momento-de-reflexao-consulta-psicologica-1536x1024.webp 1536w, https:\/\/senanutri.com.br\/blog\/wp-content\/uploads\/2025\/05\/momento-de-reflexao-consulta-psicologica-750x500.webp 750w, https:\/\/senanutri.com.br\/blog\/wp-content\/uploads\/2025\/05\/momento-de-reflexao-consulta-psicologica-1140x760.webp 1140w, https:\/\/senanutri.com.br\/blog\/wp-content\/uploads\/2025\/05\/momento-de-reflexao-consulta-psicologica.webp 2048w\" sizes=\"(max-width: 1024px) 100vw, 1024px\" \/><figcaption id=\"caption-attachment-1813\" class=\"wp-caption-text\">\u00c9 importante buscar ajuda profissional para a sa\u00fade sua mental.<br \/>Imagem: Freepik<\/figcaption><\/figure>\n<p>Com <strong>aten\u00e7\u00e3o aos sinais<\/strong>, pequenas mudan\u00e7as e, quando necess\u00e1rio, buscar ajuda profissional, voc\u00ea pode voltar a sentir aquela leveza que faz a vida valer a pena. Afinal, seu c\u00e9rebro merece ser tratado como o melhor amigo que ele \u00e9.<\/p>\n","protected":false},"excerpt":{"rendered":"<p>Voc\u00ea j\u00e1 sentiu aquela sensa\u00e7\u00e3o de estar completamente no limite, como se sua mente tivesse tirado f\u00e9rias e esquecido de avisar? Isso \u00e9 o esgotamento mental, um cansa\u00e7o profundo que n\u00e3o bate s\u00f3 no corpo, mas principalmente na cabe\u00e7a e no cora\u00e7\u00e3o. Ele aparece quando o peso das responsabilidades do trabalho, da casa e da [&hellip;]<\/p>\n","protected":false},"author":12,"featured_media":1812,"comment_status":"open","ping_status":"closed","sticky":false,"template":"","format":"standard","meta":{"jnews-multi-image_gallery":[],"jnews_single_post":{"format":"standard","override":[{"template":"1","parallax":"1","fullscreen":"1","layout":"right-sidebar","sidebar":"default-sidebar","second_sidebar":"default-sidebar","sticky_sidebar":"1","share_position":"top","share_float_style":"share-monocrhome","show_featured":"1","show_post_meta":"1","show_post_author":"1","show_post_author_image":"1","show_post_date":"1","post_date_format":"default","post_date_format_custom":"Y\/m\/d","show_post_category":"1","show_post_reading_time":"0","post_reading_time_wpm":"300","post_calculate_word_method":"str_word_count","show_zoom_button":"0","zoom_button_out_step":"2","zoom_button_in_step":"3","show_post_tag":"1","show_prev_next_post":"1","show_popup_post":"1","number_popup_post":"1","show_author_box":"1","show_post_related":"1","show_inline_post_related":"1"}],"image_override":[{"single_post_thumbnail_size":"crop-500","single_post_gallery_size":"crop-500"}],"trending_post_position":"meta","trending_post_label":"Trending","sponsored_post_label":"Sponsored by","disable_ad":"0","subtitle":"Descubra como identificar os sintomas que voc\u00ea talvez n\u00e3o perceba e aprenda a recuperar sua energia mental"},"jnews_primary_category":[],"jnews_social_meta":[],"jnews_override_counter":{"view_counter_number":"0","share_counter_number":"0","like_counter_number":"0","dislike_counter_number":"0"},"footnotes":""},"categories":[47],"tags":[579,352,469,450,304,673],"class_list":["post-1811","post","type-post","status-publish","format-standard","has-post-thumbnail","hentry","category-saude-mental","tag-autocuidado","tag-bem-estar","tag-esgotamento-mental","tag-estresse","tag-saude-mental","tag-sinais-de-esgotamento"],"_links":{"self":[{"href":"https:\/\/senanutri.com.br\/blog\/wp-json\/wp\/v2\/posts\/1811","targetHints":{"allow":["GET"]}}],"collection":[{"href":"https:\/\/senanutri.com.br\/blog\/wp-json\/wp\/v2\/posts"}],"about":[{"href":"https:\/\/senanutri.com.br\/blog\/wp-json\/wp\/v2\/types\/post"}],"author":[{"embeddable":true,"href":"https:\/\/senanutri.com.br\/blog\/wp-json\/wp\/v2\/users\/12"}],"replies":[{"embeddable":true,"href":"https:\/\/senanutri.com.br\/blog\/wp-json\/wp\/v2\/comments?post=1811"}],"version-history":[{"count":3,"href":"https:\/\/senanutri.com.br\/blog\/wp-json\/wp\/v2\/posts\/1811\/revisions"}],"predecessor-version":[{"id":1817,"href":"https:\/\/senanutri.com.br\/blog\/wp-json\/wp\/v2\/posts\/1811\/revisions\/1817"}],"wp:featuredmedia":[{"embeddable":true,"href":"https:\/\/senanutri.com.br\/blog\/wp-json\/wp\/v2\/media\/1812"}],"wp:attachment":[{"href":"https:\/\/senanutri.com.br\/blog\/wp-json\/wp\/v2\/media?parent=1811"}],"wp:term":[{"taxonomy":"category","embeddable":true,"href":"https:\/\/senanutri.com.br\/blog\/wp-json\/wp\/v2\/categories?post=1811"},{"taxonomy":"post_tag","embeddable":true,"href":"https:\/\/senanutri.com.br\/blog\/wp-json\/wp\/v2\/tags?post=1811"}],"curies":[{"name":"wp","href":"https:\/\/api.w.org\/{rel}","templated":true}]}}