{"id":1946,"date":"2025-06-03T21:24:11","date_gmt":"2025-06-04T00:24:11","guid":{"rendered":"https:\/\/senanutri.com.br\/blog\/?p=1946"},"modified":"2025-06-03T17:26:05","modified_gmt":"2025-06-03T20:26:05","slug":"sintomas-iniciais-do-alzheimer-como-saber-se-esquecimentos-sao-preocupantes","status":"publish","type":"post","link":"https:\/\/senanutri.com.br\/blog\/sintomas-iniciais-do-alzheimer-como-saber-se-esquecimentos-sao-preocupantes\/","title":{"rendered":"Sintomas iniciais do Alzheimer: Como saber se esquecimentos s\u00e3o preocupantes"},"content":{"rendered":"<p>A <strong>doen\u00e7a de Alzheimer<\/strong> \u00e9 uma condi\u00e7\u00e3o que afeta muitas pessoas no <a href=\"https:\/\/bvsms.saude.gov.br\/nunca-e-cedo-demais-nunca-e-tarde-demais-setembro-mes-mundial-do-alzheimer\/#:~:text=No%20Brasil%2C%20cerca%20de%201,a%2050%20milh%C3%B5es%20de%20pessoas.\" target=\"_blank\" rel=\"noopener\">Brasil<\/a>, com mais de 1,2 milh\u00f5es de pessoas convivendo com ela. Basicamente, \u00e9 uma forma de dem\u00eancia que vai atrapalhando aos poucos a <a href=\"https:\/\/senanutri.com.br\/blog\/a-ciencia-por-tras-da-memoria-afiada-mesmo-com-o-passar-do-tempo\/\">mem\u00f3ria<\/a>, o racioc\u00ednio e at\u00e9 as tarefas do dia a dia. Geralmente aparece em quem tem mais de 60 anos, mas pode surgir antes tamb\u00e9m. E o pior: ela avan\u00e7a devagar, e nem sempre \u00e9 f\u00e1cil perceber no come\u00e7o.<\/p>\n<h2>Causas e fatores que podem influenciar<\/h2>\n<p>Ainda n\u00e3o se sabe exatamente por que o Alzheimer aparece, mas j\u00e1 existem algumas pistas que ajudam a entender o que pode aumentar o risco:<\/p>\n<ul>\n<li><strong>Idade:<\/strong> Quanto mais velho, maior a chance, especialmente depois dos 60.<\/li>\n<li><strong>Hist\u00f3rico na fam\u00edlia:<\/strong> Se algu\u00e9m da sua fam\u00edlia teve Alzheimer, fique atento.<\/li>\n<li><strong>Estilo de vida:<\/strong> Ficar parado, comer mal e muito estresse n\u00e3o ajudam nada.<\/li>\n<li><strong>Sa\u00fade do cora\u00e7\u00e3o:<\/strong> Doen\u00e7as como diabetes, press\u00e3o alta e problemas no cora\u00e7\u00e3o podem estar ligados.<\/li>\n<\/ul>\n<h2>Sinais que merecem sua aten\u00e7\u00e3o<\/h2>\n<p>Identificar os primeiros sinais pode ser complicado, porque muita coisa pode parecer s\u00f3 \u201ccoisa da idade\u201d. Mas tem alguns detalhes que voc\u00ea pode notar e que merecem cuidado.<\/p>\n<h3>1. Esquecimentos que come\u00e7am a se repetir<\/h3>\n<p>\u00c9 normal esquecer alguma coisa de vez em quando, mas quando isso come\u00e7a a acontecer v\u00e1rias vezes por semana, \u00e9 bom ficar atento. Por exemplo, a pessoa pode n\u00e3o lembrar o que conversou minutos atr\u00e1s ou onde deixou algo importante.<\/p>\n<h3>2. Tarefas do dia a dia viram um quebra-cabe\u00e7a<\/h3>\n<p>Atividades que antes eram f\u00e1ceis, como preparar uma receita simples, pagar uma conta ou organizar documentos, come\u00e7am a dar trabalho. A pessoa pode se confundir nos passos, esquecer etapas ou simplesmente travar em algo que fazia no autom\u00e1tico.<\/p>\n<h3>3. Confus\u00e3o em lugares conhecidos<\/h3>\n<p>Se perder no caminho para a casa de algu\u00e9m conhecido ou esquecer onde est\u00e1 algo dentro da pr\u00f3pria casa pode parecer estranho, mas acontece. Se a pessoa come\u00e7a a se sentir desorientada em lugares que frequentava sempre, \u00e9 um motivo para observar com mais cuidado.<\/p>\n<h3>4. Mudan\u00e7as de humor sem motivo claro<\/h3>\n<p>Voc\u00ea pode perceber que a pessoa est\u00e1 mais irritada, triste ou at\u00e9 mais desligada do que o normal. Essas mudan\u00e7as podem acontecer sem um motivo aparente e at\u00e9 afetar a maneira como ela se relaciona com a fam\u00edlia e os amigos.<\/p>\n<h3>5. Repetir perguntas como um disco arranhado<\/h3>\n<p>Se a pessoa faz a mesma pergunta v\u00e1rias vezes num curto espa\u00e7o de tempo, como se tivesse esquecido que j\u00e1 tinha perguntado, \u00e9 importante n\u00e3o ignorar. Isso pode causar frustra\u00e7\u00e3o, mas tamb\u00e9m \u00e9 um sinal de que a mem\u00f3ria de curto prazo est\u00e1 afetada.<\/p>\n<h3>6. Palavras que fogem na hora de falar<\/h3>\n<p>Na hora de conversar, a pessoa pode esquecer palavras simples ou trocar nomes de objetos, dificultando a comunica\u00e7\u00e3o. Isso pode parecer um pequeno detalhe, mas se come\u00e7ar a acontecer com frequ\u00eancia, \u00e9 um sinal para prestar aten\u00e7\u00e3o.<\/p>\n<h3>7. Perder a no\u00e7\u00e3o do tempo<\/h3>\n<p>Esquecer datas, dias da semana ou at\u00e9 o hor\u00e1rio pode ser um indicativo de que a mente est\u00e1 ficando mais confusa. A pessoa pode n\u00e3o conseguir acompanhar compromissos ou se perder em tarefas que exigem no\u00e7\u00e3o temporal, o que pode impactar a rotina.<\/p>\n<figure id=\"attachment_1951\" aria-describedby=\"caption-attachment-1951\" style=\"width: 1024px\" class=\"wp-caption aligncenter\"><img decoding=\"async\" class=\"size-large wp-image-1951\" title=\"Idosa montando quebra-cabe\u00e7a para estimular a mente contra Alzheimer\" src=\"https:\/\/senanutri.com.br\/blog\/wp-content\/uploads\/2025\/06\/sintomas-alzheimer-atividade-mental-1024x694.webp\" alt=\"Mulher idosa concentrada montando quebra-cabe\u00e7a, representando os desafios cognitivos do Alzheimer.\" width=\"1024\" height=\"694\" srcset=\"https:\/\/senanutri.com.br\/blog\/wp-content\/uploads\/2025\/06\/sintomas-alzheimer-atividade-mental-1024x694.webp 1024w, https:\/\/senanutri.com.br\/blog\/wp-content\/uploads\/2025\/06\/sintomas-alzheimer-atividade-mental-300x203.webp 300w, https:\/\/senanutri.com.br\/blog\/wp-content\/uploads\/2025\/06\/sintomas-alzheimer-atividade-mental-768x520.webp 768w, https:\/\/senanutri.com.br\/blog\/wp-content\/uploads\/2025\/06\/sintomas-alzheimer-atividade-mental-750x508.webp 750w, https:\/\/senanutri.com.br\/blog\/wp-content\/uploads\/2025\/06\/sintomas-alzheimer-atividade-mental-1140x772.webp 1140w, https:\/\/senanutri.com.br\/blog\/wp-content\/uploads\/2025\/06\/sintomas-alzheimer-atividade-mental.webp 1200w\" sizes=\"(max-width: 1024px) 100vw, 1024px\" \/><figcaption id=\"caption-attachment-1951\" class=\"wp-caption-text\">Fique atento aos primeiros sinais que podem significar a doen\u00e7a de Alzheimer na sua rotina.<br \/>Imagem: Freepik<\/figcaption><\/figure>\n<h2>E agora? O que fazer se suspeitar?<\/h2>\n<p>Se suspeitar de Alzheimer, o primeiro passo \u00e9 procurar um m\u00e9dico especialista, como neurologista ou geriatra, para uma avalia\u00e7\u00e3o completa e exames detalhados. Tamb\u00e9m \u00e9 importante conversar com a fam\u00edlia para reunir informa\u00e7\u00f5es sobre as mudan\u00e7as observadas no dia a dia.<\/p>\n<p>Durante esse per\u00edodo, adote uma <a href=\"https:\/\/senanutri.com.br\/blog\/descubra-os-beneficios-da-proteina-de-soja-como-incluir-no-cardapio-e-ganhar-saude\/\">dieta saud\u00e1vel<\/a>, realize atividades f\u00edsicas e exercite a sua mente com tarefas estimulantes para ajudar a frear o desenvolvimento da doen\u00e7a.<\/p>\n<h2>Como o diagn\u00f3stico funciona?<\/h2>\n<p>Para confirmar o diagn\u00f3stico, o m\u00e9dico vai combinar v\u00e1rios passos.<\/p>\n<ul>\n<li>Avalia\u00e7\u00e3o geral<\/li>\n<\/ul>\n<p>Ele vai conversar com voc\u00ea ou com a fam\u00edlia, conhecer o hist\u00f3rico de sa\u00fade e fazer um exame f\u00edsico para descartar outras causas.<\/p>\n<ul>\n<li>Testes de mem\u00f3ria e aten\u00e7\u00e3o<\/li>\n<\/ul>\n<p>S\u00e3o <a href=\"https:\/\/senanutri.com.br\/blog\/teste-sua-memoria-esta-boa-faca-agora-mesmo\/\">avalia\u00e7\u00f5es simples<\/a> que ajudam a identificar o funcionamento da sua mem\u00f3ria, aten\u00e7\u00e3o e outras capacidades cognitivas.<\/p>\n<ul>\n<li>Exames de imagem<\/li>\n<\/ul>\n<p>Resson\u00e2ncia magn\u00e9tica ou tomografia ajudam a ver se existem mudan\u00e7as no c\u00e9rebro que indiquem Alzheimer.<\/p>\n<h2>Por que \u00e9 importante detectar cedo?<\/h2>\n<p>Identificar a doen\u00e7a nas fases iniciais contribui para que voc\u00ea tenha uma melhor qualidade de vida. Ela n\u00e3o tenha cura, mas existem tratamentos que ajudam a preservar a mem\u00f3ria e as fun\u00e7\u00f5es do c\u00e9rebro por mais tempo. Alguns rem\u00e9dios podem aliviar os sintomas, ajudando a pessoa a se manter mais ativa no dia a dia.<\/p>\n<p>Alzheimer mexe com toda a fam\u00edlia, e entender o que est\u00e1 acontecendo \u00e9 um passo para cuidar melhor de quem voc\u00ea ama. Fique de olho nos sinais, procure ajuda e saiba que voc\u00ea n\u00e3o est\u00e1 sozinho nessa caminhada. Cuidar da mente \u00e9 cuidar da vida!<\/p>\n","protected":false},"excerpt":{"rendered":"<p>A doen\u00e7a de Alzheimer \u00e9 uma condi\u00e7\u00e3o que afeta muitas pessoas no Brasil, com mais de 1,2 milh\u00f5es de pessoas convivendo com ela. Basicamente, \u00e9 uma forma de dem\u00eancia que vai atrapalhando aos poucos a mem\u00f3ria, o racioc\u00ednio e at\u00e9 as tarefas do dia a dia. Geralmente aparece em quem tem mais de 60 anos, [&hellip;]<\/p>\n","protected":false},"author":12,"featured_media":1950,"comment_status":"open","ping_status":"closed","sticky":false,"template":"","format":"standard","meta":{"jnews-multi-image_gallery":[],"jnews_single_post":{"subtitle":"Saiba identificar os primeiros sinais da doen\u00e7a!","format":"standard","override":[{"template":"1","parallax":"1","fullscreen":"1","layout":"right-sidebar","sidebar":"default-sidebar","second_sidebar":"default-sidebar","sticky_sidebar":"1","share_position":"top","share_float_style":"share-monocrhome","show_featured":"1","show_post_meta":"1","show_post_author":"1","show_post_author_image":"1","show_post_date":"1","post_date_format":"default","post_date_format_custom":"Y\/m\/d","show_post_category":"1","show_post_reading_time":"0","post_reading_time_wpm":"300","post_calculate_word_method":"str_word_count","show_zoom_button":"0","zoom_button_out_step":"2","zoom_button_in_step":"3","show_post_tag":"1","show_prev_next_post":"1","show_popup_post":"1","number_popup_post":"1","show_author_box":"1","show_post_related":"1","show_inline_post_related":"1"}],"image_override":[{"single_post_thumbnail_size":"crop-500","single_post_gallery_size":"crop-500"}],"trending_post_position":"meta","trending_post_label":"Trending","sponsored_post_label":"Sponsored by","disable_ad":"0"},"jnews_primary_category":[],"jnews_social_meta":[],"jnews_override_counter":{"view_counter_number":"0","share_counter_number":"0","like_counter_number":"0","dislike_counter_number":"0"},"footnotes":""},"categories":[47],"tags":[718,717,720,721,716,719],"class_list":["post-1946","post","type-post","status-publish","format-standard","has-post-thumbnail","hentry","category-saude-mental","tag-cuidados-com-alzheimer","tag-diagnostico-precoce-alzheimer","tag-memoria-e-alzheimer","tag-sinais-de-alzheimer","tag-sintomas-iniciais-do-alzheimer","tag-tratamento-alzheimer"],"_links":{"self":[{"href":"https:\/\/senanutri.com.br\/blog\/wp-json\/wp\/v2\/posts\/1946","targetHints":{"allow":["GET"]}}],"collection":[{"href":"https:\/\/senanutri.com.br\/blog\/wp-json\/wp\/v2\/posts"}],"about":[{"href":"https:\/\/senanutri.com.br\/blog\/wp-json\/wp\/v2\/types\/post"}],"author":[{"embeddable":true,"href":"https:\/\/senanutri.com.br\/blog\/wp-json\/wp\/v2\/users\/12"}],"replies":[{"embeddable":true,"href":"https:\/\/senanutri.com.br\/blog\/wp-json\/wp\/v2\/comments?post=1946"}],"version-history":[{"count":5,"href":"https:\/\/senanutri.com.br\/blog\/wp-json\/wp\/v2\/posts\/1946\/revisions"}],"predecessor-version":[{"id":1955,"href":"https:\/\/senanutri.com.br\/blog\/wp-json\/wp\/v2\/posts\/1946\/revisions\/1955"}],"wp:featuredmedia":[{"embeddable":true,"href":"https:\/\/senanutri.com.br\/blog\/wp-json\/wp\/v2\/media\/1950"}],"wp:attachment":[{"href":"https:\/\/senanutri.com.br\/blog\/wp-json\/wp\/v2\/media?parent=1946"}],"wp:term":[{"taxonomy":"category","embeddable":true,"href":"https:\/\/senanutri.com.br\/blog\/wp-json\/wp\/v2\/categories?post=1946"},{"taxonomy":"post_tag","embeddable":true,"href":"https:\/\/senanutri.com.br\/blog\/wp-json\/wp\/v2\/tags?post=1946"}],"curies":[{"name":"wp","href":"https:\/\/api.w.org\/{rel}","templated":true}]}}