{"id":2177,"date":"2025-06-16T15:24:09","date_gmt":"2025-06-16T18:24:09","guid":{"rendered":"https:\/\/senanutri.com.br\/blog\/?p=2177"},"modified":"2025-06-16T10:23:03","modified_gmt":"2025-06-16T13:23:03","slug":"o-poder-do-cafe-da-manha-alimentos-que-turbinam-sua-disposicao-pela-manha","status":"publish","type":"post","link":"https:\/\/senanutri.com.br\/blog\/o-poder-do-cafe-da-manha-alimentos-que-turbinam-sua-disposicao-pela-manha\/","title":{"rendered":"O poder do caf\u00e9 da manh\u00e3: Alimentos que turbinam sua disposi\u00e7\u00e3o pela manh\u00e3"},"content":{"rendered":"<p>Acordar sem vontade de sair da cama \u00e9 algo que muita gente conhece bem. Mas tem uma dica simples que pode mudar o jeito como voc\u00ea encara o dia: o caf\u00e9 da manh\u00e3! Uma boa escolha de alimentos logo nas primeiras horas pode fazer seu corpo e sua mente funcionarem a todo vapor.<\/p>\n<h2>Por que o caf\u00e9 da manh\u00e3 faz tanta diferen\u00e7a?<\/h2>\n<p>Acordar sem vontade de sair da cama \u00e9 algo que muita gente conhece bem. Mas tem uma dica simples que pode mudar o jeito como voc\u00ea encara o dia: o caf\u00e9 da manh\u00e3! Uma boa escolha de alimentos logo nas primeiras horas pode fazer seu corpo e sua mente funcionarem a todo vapor.<\/p>\n<p>Depois de horas dormindo, seu corpo est\u00e1 precisando de um \u201creabastecimento\u201d. N\u00e3o \u00e9 s\u00f3 quest\u00e3o de matar a fome, \u00e9 de garantir energia para encarar tudo o que vem pela frente. Tomar um caf\u00e9 da manh\u00e3 nutritivo ajuda a melhorar o humor, manter o foco e driblar a pregui\u00e7a que insiste nas primeiras horas do dia.<\/p>\n<h2>O que voc\u00ea ganha com um caf\u00e9 da manh\u00e3 equilibrado?<\/h2>\n<ul>\n<li><strong>Mais pique para o dia todo:<\/strong> Alimentos com carboidratos bons, prote\u00ednas e gorduras saud\u00e1veis fazem a energia durar por horas.<\/li>\n<li><strong>Foco de sobra:<\/strong> Com os nutrientes certos, seu c\u00e9rebro acorda junto com voc\u00ea. A\u00ed fica mais f\u00e1cil se concentrar no trabalho, nos estudos ou at\u00e9 nas tarefas de casa.<\/li>\n<li><strong>Menos fome fora de hora:<\/strong> Quando o caf\u00e9 da manh\u00e3 \u00e9 refor\u00e7ado, aquela vontade de beliscar toda hora diminui bastante.<\/li>\n<\/ul>\n<h2>Alimentos que d\u00e3o energia de verdade<\/h2>\n<p>Agora o que interessa: o que colocar na mesa logo cedo para come\u00e7ar o dia com o p\u00e9 direito?<\/p>\n<h3>Aveia: amiga da energia duradoura<\/h3>\n<p>A aveia \u00e9 perfeita para quem quer come\u00e7ar o dia de forma leve, mas com energia de sobra. As fibras e os carboidratos dela fazem a energia vir aos poucos, sem aquele pico de glicose que depois vira sono.<\/p>\n<p><strong>Como comer:<\/strong> Pode ser em mingau, na vitamina ou misturada em panquecas.<br \/>\n<strong>B\u00f4nus:<\/strong> Ela ainda tem ferro e magn\u00e9sio!<\/p>\n<h3>Ovos: prote\u00edna que sustenta<\/h3>\n<p>Se voc\u00ea quer ficar sem fome at\u00e9 a pr\u00f3xima refei\u00e7\u00e3o, aposte nos ovos. Eles t\u00eam <a href=\"https:\/\/senanutri.com.br\/blog\/alimentos-com-mais-proteina-que-o-ovo-para-incluir-na-sua-alimentacao-e-potencializar-sua-dieta\/\">prote\u00edna<\/a> de qualidade e ainda trazem gorduras boas.<\/p>\n<p><strong>Como preparar:<\/strong> Cozidos, mexidos ou em uma omelete cheia de legumes.<br \/>\n<strong>Nutriente extra:<\/strong> A colina, que faz super bem para o c\u00e9rebro.<\/p>\n<h3>Iogurte: praticidade com sabor<\/h3>\n<p>T\u00e1 sem tempo? O iogurte salva! Al\u00e9m de gostoso, tem prote\u00ednas e <a href=\"https:\/\/senanutri.com.br\/blog\/probioticos-o-segredo-para-um-intestino-saudavel-e-funcionando-bem\/\">probi\u00f3ticos<\/a> que ajudam o intestino a funcionar direitinho.<\/p>\n<p><strong>Dicas de consumo:<\/strong> Puro, com frutas ou granola. D\u00e1 at\u00e9 para bater com banana e fazer uma vitamina.<br \/>\n<strong>Vantagem:<\/strong> Ele ajuda a evitar aquela sensa\u00e7\u00e3o de peso depois de comer.<\/p>\n<figure id=\"attachment_2179\" aria-describedby=\"caption-attachment-2179\" style=\"width: 1024px\" class=\"wp-caption aligncenter\"><img decoding=\"async\" class=\"size-large wp-image-2179\" title=\"Iogurte com frutas vermelhas: energia e sabor logo pela manh\u00e3\" src=\"https:\/\/senanutri.com.br\/blog\/wp-content\/uploads\/2025\/06\/iogurte-com-frutas-vermelhas-para-disposicao-1024x683.webp\" alt=\"Mulher sorrindo enquanto segura uma tigela de iogurte com frutas vermelhas no caf\u00e9 da manh\u00e3\" width=\"1024\" height=\"683\" srcset=\"https:\/\/senanutri.com.br\/blog\/wp-content\/uploads\/2025\/06\/iogurte-com-frutas-vermelhas-para-disposicao-1024x683.webp 1024w, https:\/\/senanutri.com.br\/blog\/wp-content\/uploads\/2025\/06\/iogurte-com-frutas-vermelhas-para-disposicao-300x200.webp 300w, https:\/\/senanutri.com.br\/blog\/wp-content\/uploads\/2025\/06\/iogurte-com-frutas-vermelhas-para-disposicao-768x512.webp 768w, https:\/\/senanutri.com.br\/blog\/wp-content\/uploads\/2025\/06\/iogurte-com-frutas-vermelhas-para-disposicao-1536x1024.webp 1536w, https:\/\/senanutri.com.br\/blog\/wp-content\/uploads\/2025\/06\/iogurte-com-frutas-vermelhas-para-disposicao-750x500.webp 750w, https:\/\/senanutri.com.br\/blog\/wp-content\/uploads\/2025\/06\/iogurte-com-frutas-vermelhas-para-disposicao-1140x760.webp 1140w, https:\/\/senanutri.com.br\/blog\/wp-content\/uploads\/2025\/06\/iogurte-com-frutas-vermelhas-para-disposicao.webp 2048w\" sizes=\"(max-width: 1024px) 100vw, 1024px\" \/><figcaption id=\"caption-attachment-2179\" class=\"wp-caption-text\">Iogurte com frutas vermelhas pela manh\u00e3 para disposi\u00e7\u00e3o durante o dia.<br \/>Imagem: Freepik<\/figcaption><\/figure>\n<h2>Frutas: cores e nutrientes logo cedo<\/h2>\n<p>Colocar frutas no caf\u00e9 da manh\u00e3 \u00e9 uma forma f\u00e1cil de trazer mais vitaminas e fibras para o seu dia.<\/p>\n<h3>Mam\u00e3o: leveza e sa\u00fade<\/h3>\n<p>O mam\u00e3o \u00e9 \u00f3timo para ajudar na digest\u00e3o e ainda traz bastante vitamina C.<\/p>\n<p><strong>Como comer:<\/strong> Puro, com iogurte ou batido no liquidificador.<\/p>\n<h3>Banana: energia na hora<\/h3>\n<p>Se voc\u00ea precisa de disposi\u00e7\u00e3o r\u00e1pida, a banana \u00e9 perfeita. Tem pot\u00e1ssio e carboidratos que viram combust\u00edvel para o seu corpo.<\/p>\n<p><strong>Sugest\u00f5es:<\/strong> Sozinha, na vitamina ou em panquecas.<\/p>\n<h3>Frutas vermelhas: antioxidantes de sobra<\/h3>\n<p>Morango, mirtilo e framboesa s\u00e3o pequenas no tamanho, mas gigantes nos benef\u00edcios.<\/p>\n<p><strong>Como usar:<\/strong> No iogurte, em smoothies ou purinhas mesmo.<br \/>\n<strong>Ponto positivo:<\/strong> Ajudam a cuidar do cora\u00e7\u00e3o e ainda d\u00e3o uma for\u00e7a contra inflama\u00e7\u00f5es.<\/p>\n<h3>Abacate: gordura boa na medida<\/h3>\n<p>O abacate \u00e9 \u00f3timo pra dar saciedade e ajudar na absor\u00e7\u00e3o de vitaminas.<\/p>\n<p><strong>Como consumir:<\/strong> Na torrada, no smoothie ou at\u00e9 com um pouquinho de lim\u00e3o e sal.<\/p>\n<figure id=\"attachment_1351\" aria-describedby=\"caption-attachment-1351\" style=\"width: 1024px\" class=\"wp-caption aligncenter\"><img decoding=\"async\" class=\"size-large wp-image-1351\" title=\"Preparando vitamina nutritiva de frutas para uma alimenta\u00e7\u00e3o saud\u00e1vel\" src=\"https:\/\/senanutri.com.br\/blog\/wp-content\/uploads\/2025\/05\/vitamina_de_frutas_webp_comprimida-e1746543473891-1024x934.webp\" alt=\"Mulher sorrindo enquanto segura um copo de vitamina, com ingredientes como banana, ma\u00e7\u00e3 verde e abacate ao seu redor.\" width=\"1024\" height=\"934\" srcset=\"https:\/\/senanutri.com.br\/blog\/wp-content\/uploads\/2025\/05\/vitamina_de_frutas_webp_comprimida-e1746543473891-1024x934.webp 1024w, https:\/\/senanutri.com.br\/blog\/wp-content\/uploads\/2025\/05\/vitamina_de_frutas_webp_comprimida-e1746543473891-300x274.webp 300w, https:\/\/senanutri.com.br\/blog\/wp-content\/uploads\/2025\/05\/vitamina_de_frutas_webp_comprimida-e1746543473891-768x701.webp 768w, https:\/\/senanutri.com.br\/blog\/wp-content\/uploads\/2025\/05\/vitamina_de_frutas_webp_comprimida-e1746543473891-750x684.webp 750w, https:\/\/senanutri.com.br\/blog\/wp-content\/uploads\/2025\/05\/vitamina_de_frutas_webp_comprimida-e1746543473891-1140x1040.webp 1140w, https:\/\/senanutri.com.br\/blog\/wp-content\/uploads\/2025\/05\/vitamina_de_frutas_webp_comprimida-e1746543473891.webp 1326w\" sizes=\"(max-width: 1024px) 100vw, 1024px\" \/><figcaption id=\"caption-attachment-1351\" class=\"wp-caption-text\">Deixe seu caf\u00e9 da manh\u00e3 delicioso com essas receitas como a vitaminas de frutas.<br \/>Imagem: Freepik<\/figcaption><\/figure>\n<h2>Bebidas que acordam at\u00e9 quem t\u00e1 no modo soneca<\/h2>\n<p>Al\u00e9m dos alimentos, o que voc\u00ea bebe de manh\u00e3 tamb\u00e9m faz diferen\u00e7a!<\/p>\n<h3>Caf\u00e9: cl\u00e1ssico que n\u00e3o sai de moda<\/h3>\n<p>Se o <a href=\"https:\/\/senanutri.com.br\/blog\/tomar-cafe-ajuda-no-humor-e-na-memoria-segundo-a-ciencia\/\">caf\u00e9<\/a> faz parte da sua rotina, pode continuar! Ele d\u00e1 aquele empurr\u00e3ozinho na energia e melhora a concentra\u00e7\u00e3o.<\/p>\n<p><strong>Dica:<\/strong> S\u00f3 evite exagerar na quantidade.<\/p>\n<figure id=\"attachment_955\" aria-describedby=\"caption-attachment-955\" style=\"width: 1024px\" class=\"wp-caption aligncenter\"><img decoding=\"async\" class=\"size-large wp-image-955\" title=\"Caf\u00e9 fresco e convidativo\" src=\"https:\/\/senanutri.com.br\/blog\/wp-content\/uploads\/2025\/04\/coffee-compressed-1024x683.webp\" alt=\"X\u00edcara de caf\u00e9 fumegante sobre gr\u00e3os de caf\u00e9, simbolizando o aroma e o prazer do caf\u00e9 fresco.\" width=\"1024\" height=\"683\" srcset=\"https:\/\/senanutri.com.br\/blog\/wp-content\/uploads\/2025\/04\/coffee-compressed-1024x683.webp 1024w, https:\/\/senanutri.com.br\/blog\/wp-content\/uploads\/2025\/04\/coffee-compressed-300x200.webp 300w, https:\/\/senanutri.com.br\/blog\/wp-content\/uploads\/2025\/04\/coffee-compressed-768x512.webp 768w, https:\/\/senanutri.com.br\/blog\/wp-content\/uploads\/2025\/04\/coffee-compressed-1536x1024.webp 1536w, https:\/\/senanutri.com.br\/blog\/wp-content\/uploads\/2025\/04\/coffee-compressed-750x500.webp 750w, https:\/\/senanutri.com.br\/blog\/wp-content\/uploads\/2025\/04\/coffee-compressed-1140x760.webp 1140w, https:\/\/senanutri.com.br\/blog\/wp-content\/uploads\/2025\/04\/coffee-compressed.webp 2048w\" sizes=\"(max-width: 1024px) 100vw, 1024px\" \/><figcaption id=\"caption-attachment-955\" class=\"wp-caption-text\">O caf\u00e9 \u00e9 uma das grandes tradi\u00e7\u00f5es para o caf\u00e9 da manh\u00e3.<br \/>Imagem: Freepik<\/figcaption><\/figure>\n<h3>Ch\u00e1s: sabor e benef\u00edcios<\/h3>\n<p>Ch\u00e1 verde e ch\u00e1 preto s\u00e3o boas op\u00e7\u00f5es para variar. Eles t\u00eam cafe\u00edna, mas em doses menores que o caf\u00e9.<\/p>\n<p><strong>Como tomar:<\/strong> Puro ou com um pouco de mel.<\/p>\n<figure id=\"attachment_1521\" aria-describedby=\"caption-attachment-1521\" style=\"width: 1024px\" class=\"wp-caption aligncenter\"><img decoding=\"async\" class=\"size-large wp-image-1521\" title=\"Qual Bebida \u00e9 Ideal para Voc\u00ea: Caf\u00e9 ou Ch\u00e1?\" src=\"https:\/\/senanutri.com.br\/blog\/wp-content\/uploads\/2025\/05\/cha_tranquilidade_relaxamento-1024x683.webp\" alt=\"Mulher segurando uma x\u00edcara de ch\u00e1 quente, representando a escolha entre caf\u00e9 e ch\u00e1 para o bem-estar.\" width=\"1024\" height=\"683\" srcset=\"https:\/\/senanutri.com.br\/blog\/wp-content\/uploads\/2025\/05\/cha_tranquilidade_relaxamento-1024x683.webp 1024w, https:\/\/senanutri.com.br\/blog\/wp-content\/uploads\/2025\/05\/cha_tranquilidade_relaxamento-300x200.webp 300w, https:\/\/senanutri.com.br\/blog\/wp-content\/uploads\/2025\/05\/cha_tranquilidade_relaxamento-768x512.webp 768w, https:\/\/senanutri.com.br\/blog\/wp-content\/uploads\/2025\/05\/cha_tranquilidade_relaxamento-1536x1025.webp 1536w, https:\/\/senanutri.com.br\/blog\/wp-content\/uploads\/2025\/05\/cha_tranquilidade_relaxamento-750x500.webp 750w, https:\/\/senanutri.com.br\/blog\/wp-content\/uploads\/2025\/05\/cha_tranquilidade_relaxamento-1140x760.webp 1140w, https:\/\/senanutri.com.br\/blog\/wp-content\/uploads\/2025\/05\/cha_tranquilidade_relaxamento.webp 2048w\" sizes=\"(max-width: 1024px) 100vw, 1024px\" \/><figcaption id=\"caption-attachment-1521\" class=\"wp-caption-text\">Opte pela bebida que combina melhor com o seu gosto logo pela manh\u00e3.<br \/>Imagem: Freepik<\/figcaption><\/figure>\n<h2>Truques para deixar seu caf\u00e9 da manh\u00e3 ainda melhor<\/h2>\n<p>Planejar na noite anterior pode fazer toda a diferen\u00e7a, deixando tudo separado para facilitar sua vida quando voc\u00ea acordar ainda com sono. Tente variar sempre: quanto mais colorido e diversificado o prato, melhor para o seu corpo. E n\u00e3o esque\u00e7a da \u00e1gua! Come\u00e7ar o dia bem hidratado tamb\u00e9m ajuda na disposi\u00e7\u00e3o.<\/p>\n<h2>Coloque o caf\u00e9 da manh\u00e3 na sua rotina<\/h2>\n<p>Criar o h\u00e1bito de comer bem logo cedo s\u00f3 traz vantagens. Seu metabolismo agradece e voc\u00ea sente a diferen\u00e7a na disposi\u00e7\u00e3o. Tente acordar sempre no mesmo hor\u00e1rio e transforme esse momento em um ritual gostoso, sem pressa e com aten\u00e7\u00e3o ao que est\u00e1 comendo.<\/p>\n<p>Que tal come\u00e7ar amanh\u00e3 mesmo? Teste novas combina\u00e7\u00f5es, descubra o que funciona melhor pra voc\u00ea e aproveite o dia com muito mais energia!<\/p>\n","protected":false},"excerpt":{"rendered":"<p>Acordar sem vontade de sair da cama \u00e9 algo que muita gente conhece bem. Mas tem uma dica simples que pode mudar o jeito como voc\u00ea encara o dia: o caf\u00e9 da manh\u00e3! Uma boa escolha de alimentos logo nas primeiras horas pode fazer seu corpo e sua mente funcionarem a todo vapor. Por que [&hellip;]<\/p>\n","protected":false},"author":12,"featured_media":2178,"comment_status":"open","ping_status":"closed","sticky":false,"template":"","format":"standard","meta":{"jnews-multi-image_gallery":[],"jnews_single_post":{"format":"standard","override":[{"template":"1","parallax":"1","fullscreen":"1","layout":"right-sidebar","sidebar":"default-sidebar","second_sidebar":"default-sidebar","sticky_sidebar":"1","share_position":"top","share_float_style":"share-monocrhome","show_featured":"1","show_post_meta":"1","show_post_author":"1","show_post_author_image":"1","show_post_date":"1","post_date_format":"default","post_date_format_custom":"Y\/m\/d","show_post_category":"1","show_post_reading_time":"0","post_reading_time_wpm":"300","post_calculate_word_method":"str_word_count","show_zoom_button":"0","zoom_button_out_step":"2","zoom_button_in_step":"3","show_post_tag":"1","show_prev_next_post":"1","show_popup_post":"1","number_popup_post":"1","show_author_box":"1","show_post_related":"1","show_inline_post_related":"1"}],"image_override":[{"single_post_thumbnail_size":"crop-500","single_post_gallery_size":"crop-500"}],"trending_post_position":"meta","trending_post_label":"Trending","sponsored_post_label":"Sponsored by","disable_ad":"0","subtitle":"O seu caf\u00e9 da manh\u00e3 \u00e9 uma verdadeira fonte de energia para encarar o dia com mais disposi\u00e7\u00e3o e bom humor!"},"jnews_primary_category":[],"jnews_social_meta":[],"jnews_override_counter":{"view_counter_number":"0","share_counter_number":"0","like_counter_number":"0","dislike_counter_number":"0"},"footnotes":""},"categories":[658],"tags":[795,794,796,436,294],"class_list":["post-2177","post","type-post","status-publish","format-standard","has-post-thumbnail","hentry","category-alimentacao","tag-alimentos-energizantes","tag-cafe-da-manha","tag-energia-pela-manha","tag-receitas-saudaveis","tag-saude-e-bem-estar"],"_links":{"self":[{"href":"https:\/\/senanutri.com.br\/blog\/wp-json\/wp\/v2\/posts\/2177","targetHints":{"allow":["GET"]}}],"collection":[{"href":"https:\/\/senanutri.com.br\/blog\/wp-json\/wp\/v2\/posts"}],"about":[{"href":"https:\/\/senanutri.com.br\/blog\/wp-json\/wp\/v2\/types\/post"}],"author":[{"embeddable":true,"href":"https:\/\/senanutri.com.br\/blog\/wp-json\/wp\/v2\/users\/12"}],"replies":[{"embeddable":true,"href":"https:\/\/senanutri.com.br\/blog\/wp-json\/wp\/v2\/comments?post=2177"}],"version-history":[{"count":6,"href":"https:\/\/senanutri.com.br\/blog\/wp-json\/wp\/v2\/posts\/2177\/revisions"}],"predecessor-version":[{"id":2185,"href":"https:\/\/senanutri.com.br\/blog\/wp-json\/wp\/v2\/posts\/2177\/revisions\/2185"}],"wp:featuredmedia":[{"embeddable":true,"href":"https:\/\/senanutri.com.br\/blog\/wp-json\/wp\/v2\/media\/2178"}],"wp:attachment":[{"href":"https:\/\/senanutri.com.br\/blog\/wp-json\/wp\/v2\/media?parent=2177"}],"wp:term":[{"taxonomy":"category","embeddable":true,"href":"https:\/\/senanutri.com.br\/blog\/wp-json\/wp\/v2\/categories?post=2177"},{"taxonomy":"post_tag","embeddable":true,"href":"https:\/\/senanutri.com.br\/blog\/wp-json\/wp\/v2\/tags?post=2177"}],"curies":[{"name":"wp","href":"https:\/\/api.w.org\/{rel}","templated":true}]}}