{"id":2818,"date":"2025-08-18T20:49:53","date_gmt":"2025-08-18T23:49:53","guid":{"rendered":"https:\/\/senanutri.com.br\/blog\/?p=2818"},"modified":"2025-08-18T16:36:51","modified_gmt":"2025-08-18T19:36:51","slug":"como-melhorar-a-concentracao-em-5-minutos-por-dia","status":"publish","type":"post","link":"https:\/\/senanutri.com.br\/blog\/como-melhorar-a-concentracao-em-5-minutos-por-dia\/","title":{"rendered":"Como melhorar a concentra\u00e7\u00e3o em 5 minutos por dia"},"content":{"rendered":"<p>Com os desafios da vida adulta e a constante enxurrada de informa\u00e7\u00f5es e notifica\u00e7\u00f5es na era digital, \u00e9 muito comum perdermos a concentra\u00e7\u00e3o. Um simples e-mail pode desviar totalmente o foco do que est\u00e1vamos fazendo, exigindo do c\u00e9rebro uma maior capacidade para processar informa\u00e7\u00f5es complexas. No entanto, melhorar a concentra\u00e7\u00e3o n\u00e3o precisa ser um desafio.<\/p>\n<p>De acordo com a neuroci\u00eancia, com apenas 5 minutos por dia, \u00e9 poss\u00edvel estimular o c\u00e9rebro e <a href=\"https:\/\/senanutri.com.br\/blog\/jogos-e-apps-de-treinamento-cognitivo-funcionam-para-melhorar-o-foco-e-a-memoria\/\" target=\"_blank\" rel=\"noopener\">melhorar o foco<\/a>. A chave est\u00e1 na pr\u00e1tica constante e no compromisso com atividades que treinam a mente de forma eficaz.<\/p>\n<h2>Benef\u00edcios de uma boa mem\u00f3ria<\/h2>\n<p>Uma boa mem\u00f3ria permite reter e recuperar informa\u00e7\u00f5es de forma mais eficiente, otimizando o processo de aprendizagem em diversas \u00e1reas do conhecimento. Sabe aquele c\u00e1lculo r\u00e1pido que voc\u00ea precisa realizar sem uma calculadora ao lado? Uma boa mem\u00f3ria permite isso. Sua vida profissional fica mais organizada cumprindo prazos com mais responsabilidade e tendo maior rendimento em suas fun\u00e7\u00f5es.<\/p>\n<p>Uma boa mem\u00f3ria tamb\u00e9m \u00e9 excelente para tomada de decis\u00f5es, para o conv\u00edvio interpessoal, melhora da autoestima e autoconfian\u00e7a. Diversos estudos cient\u00edficos j\u00e1 comprovaram o poder transformador de uma boa mem\u00f3ria para o bem-estar, e o <a href=\"https:\/\/senanutri.com.br\/blog\/como-fazer-seu-cerebro-trabalhar-a-seu-favor-ao-longo-do-dia\/\" target=\"_blank\" rel=\"noopener\">mindfulness<\/a> \u00e9 um deles.<\/p>\n<p>Essa pr\u00e1tica treina a sua mente para fazer o que ela j\u00e1 faz instintivamente, como voltar ao presente, aproveitar o momento e valorizar a vida ao inv\u00e9s de focar em preocupa\u00e7\u00f5es futuras.<\/p>\n<h2>3 exerc\u00edcios para melhorar sua mem\u00f3ria<\/h2>\n<p>Voc\u00ea s\u00f3 precisa de 5 minutos e um local confort\u00e1vel sem distra\u00e7\u00f5es para aproveitar os benef\u00edcios desses exerc\u00edcios. Veja:<\/p>\n<h3>1. Aten\u00e7\u00e3o plena a respira\u00e7\u00e3o<\/h3>\n<p>Aqui, voc\u00ea vai utilizar a faixa interna usando a respira\u00e7\u00e3o como foco. Sente-se ou deite-se, feche os olhos e respire fundo soltando o ar pela boca. Fique concentrado em cada movimento da inspira\u00e7\u00e3o e expira\u00e7\u00e3o, do in\u00edcio ao fim.<\/p>\n<p>Os pensamentos sobre tarefas, julgamentos ou relacionamentos surgem, mas n\u00e3o tente evit\u00e1-los. Apenas aceite que eles apare\u00e7am e tente voltar ao foco total na <a href=\"https:\/\/senanutri.com.br\/blog\/sentindo-se-sobrecarregado-veja-como-a-respiracao-pode-ajudar-voce-a-aliviar-o-estresse\/\" target=\"_blank\" rel=\"noopener\">respira\u00e7\u00e3o<\/a>.<\/p>\n<figure id=\"attachment_1796\" aria-describedby=\"caption-attachment-1796\" style=\"width: 1024px\" class=\"wp-caption aligncenter\"><img decoding=\"async\" class=\"size-large wp-image-1796\" title=\"Respira\u00e7\u00e3o 4-7-8 para reduzir ansiedade e melhorar o sono\" src=\"https:\/\/senanutri.com.br\/blog\/wp-content\/uploads\/2025\/05\/respiracao-4-7-8-meditacao-relaxamento-1024x681.webp\" alt=\"Mulher jovem de olhos fechados, praticando medita\u00e7\u00e3o e respira\u00e7\u00e3o para relaxar em casa.\" width=\"1024\" height=\"681\" srcset=\"https:\/\/senanutri.com.br\/blog\/wp-content\/uploads\/2025\/05\/respiracao-4-7-8-meditacao-relaxamento-1024x681.webp 1024w, https:\/\/senanutri.com.br\/blog\/wp-content\/uploads\/2025\/05\/respiracao-4-7-8-meditacao-relaxamento-300x200.webp 300w, https:\/\/senanutri.com.br\/blog\/wp-content\/uploads\/2025\/05\/respiracao-4-7-8-meditacao-relaxamento-768x511.webp 768w, https:\/\/senanutri.com.br\/blog\/wp-content\/uploads\/2025\/05\/respiracao-4-7-8-meditacao-relaxamento-1536x1022.webp 1536w, https:\/\/senanutri.com.br\/blog\/wp-content\/uploads\/2025\/05\/respiracao-4-7-8-meditacao-relaxamento-750x499.webp 750w, https:\/\/senanutri.com.br\/blog\/wp-content\/uploads\/2025\/05\/respiracao-4-7-8-meditacao-relaxamento-1140x758.webp 1140w, https:\/\/senanutri.com.br\/blog\/wp-content\/uploads\/2025\/05\/respiracao-4-7-8-meditacao-relaxamento.webp 2048w\" sizes=\"(max-width: 1024px) 100vw, 1024px\" \/><figcaption id=\"caption-attachment-1796\" class=\"wp-caption-text\">Praticar a t\u00e9cnica de respira\u00e7\u00e3o &#8220;4-7-8&#8221; ajuda a acalmar o sistema nervoso e facilita um sono mais tranquilo.<br \/>Imagem: Freepik<\/figcaption><\/figure>\n<h3>2. Explora\u00e7\u00e3o sensorial de um alimento<\/h3>\n<p>Opte por um alimento que voc\u00ea goste muito. Observe sua apar\u00eancia, textura, formato e cor, permitindo explorar completamente na experi\u00eancia sensorial, sem julgamentos. Quando sua mente come\u00e7ar a se distrair, volte a concentra\u00e7\u00e3o ao alimento. Saboreie-o com calma e preste aten\u00e7\u00e3o em cada sensa\u00e7\u00e3o.<\/p>\n<figure id=\"attachment_2823\" aria-describedby=\"caption-attachment-2823\" style=\"width: 1024px\" class=\"wp-caption aligncenter\"><img decoding=\"async\" class=\"size-large wp-image-2823\" title=\"Explora\u00e7\u00e3o sensorial de uma ma\u00e7\u00e3\" src=\"https:\/\/senanutri.com.br\/blog\/wp-content\/uploads\/2025\/08\/homem-curtindo-uma-maca-ao-ar-livre-1024x683.webp\" alt=\"Homem saboreando uma ma\u00e7\u00e3 ao ar livre, com um sorriso de prazer.\" width=\"1024\" height=\"683\" srcset=\"https:\/\/senanutri.com.br\/blog\/wp-content\/uploads\/2025\/08\/homem-curtindo-uma-maca-ao-ar-livre-1024x683.webp 1024w, https:\/\/senanutri.com.br\/blog\/wp-content\/uploads\/2025\/08\/homem-curtindo-uma-maca-ao-ar-livre-300x200.webp 300w, https:\/\/senanutri.com.br\/blog\/wp-content\/uploads\/2025\/08\/homem-curtindo-uma-maca-ao-ar-livre-768x512.webp 768w, https:\/\/senanutri.com.br\/blog\/wp-content\/uploads\/2025\/08\/homem-curtindo-uma-maca-ao-ar-livre-1536x1024.webp 1536w, https:\/\/senanutri.com.br\/blog\/wp-content\/uploads\/2025\/08\/homem-curtindo-uma-maca-ao-ar-livre-750x500.webp 750w, https:\/\/senanutri.com.br\/blog\/wp-content\/uploads\/2025\/08\/homem-curtindo-uma-maca-ao-ar-livre-1140x760.webp 1140w, https:\/\/senanutri.com.br\/blog\/wp-content\/uploads\/2025\/08\/homem-curtindo-uma-maca-ao-ar-livre.webp 2048w\" sizes=\"(max-width: 1024px) 100vw, 1024px\" \/><figcaption id=\"caption-attachment-2823\" class=\"wp-caption-text\">Explora\u00e7\u00e3o sensorial com uma ma\u00e7\u00e3.<br \/>Imagem: Freepik<\/figcaption><\/figure>\n<h3>3. Escaneamento corporal (Body Scan)<\/h3>\n<p>Esse exerc\u00edcio vai promover a consci\u00eancia corporal tanto do corpo quanto da mente. Deitado em uma superf\u00edcie plana, bra\u00e7os estendidos e pernas da mesma forma, comece a direcionar sua aten\u00e7\u00e3o para v\u00e1rias partes do corpo e observe as sensa\u00e7\u00f5es f\u00edsicas que surgem como calor ou formigamento. Permita sentir-se relaxado, e libere qualquer tens\u00e3o que possa estar presente em qualquer parte do corpo.<\/p>\n<figure id=\"attachment_2824\" aria-describedby=\"caption-attachment-2824\" style=\"width: 1024px\" class=\"wp-caption aligncenter\"><img decoding=\"async\" class=\"size-large wp-image-2824\" title=\"Escaneamento corporal\" src=\"https:\/\/senanutri.com.br\/blog\/wp-content\/uploads\/2025\/08\/jovem-mulher-em-pose-de-savasana-fundo-de-estudio-cinza-comprimido-1024x683.webp\" alt=\"Mulher relaxando na posi\u00e7\u00e3o de Savasana, deitada de costas em uma superf\u00edcie plana com os bra\u00e7os estendidos e pernas alinhadas.\" width=\"1024\" height=\"683\" srcset=\"https:\/\/senanutri.com.br\/blog\/wp-content\/uploads\/2025\/08\/jovem-mulher-em-pose-de-savasana-fundo-de-estudio-cinza-comprimido-1024x683.webp 1024w, https:\/\/senanutri.com.br\/blog\/wp-content\/uploads\/2025\/08\/jovem-mulher-em-pose-de-savasana-fundo-de-estudio-cinza-comprimido-300x200.webp 300w, https:\/\/senanutri.com.br\/blog\/wp-content\/uploads\/2025\/08\/jovem-mulher-em-pose-de-savasana-fundo-de-estudio-cinza-comprimido-768x512.webp 768w, https:\/\/senanutri.com.br\/blog\/wp-content\/uploads\/2025\/08\/jovem-mulher-em-pose-de-savasana-fundo-de-estudio-cinza-comprimido-1536x1024.webp 1536w, https:\/\/senanutri.com.br\/blog\/wp-content\/uploads\/2025\/08\/jovem-mulher-em-pose-de-savasana-fundo-de-estudio-cinza-comprimido-750x500.webp 750w, https:\/\/senanutri.com.br\/blog\/wp-content\/uploads\/2025\/08\/jovem-mulher-em-pose-de-savasana-fundo-de-estudio-cinza-comprimido-1140x760.webp 1140w, https:\/\/senanutri.com.br\/blog\/wp-content\/uploads\/2025\/08\/jovem-mulher-em-pose-de-savasana-fundo-de-estudio-cinza-comprimido.webp 2048w\" sizes=\"(max-width: 1024px) 100vw, 1024px\" \/><figcaption id=\"caption-attachment-2824\" class=\"wp-caption-text\">Exerc\u00edcio de escaneamento corporal, promovendo a consci\u00eancia e relaxamento do corpo e mente.<br \/>Imagem: Freepik<\/figcaption><\/figure>\n<h2>Um suplemento poderoso como aliado<\/h2>\n<p>Existem muitas pessoas que recorrem ao <a href=\"https:\/\/memorizen.com.br\/\" target=\"_blank\" rel=\"noopener\">memorizen<\/a> para conquistar uma mem\u00f3ria turbinada. Ele \u00e9 um suplemento natural que melhora a mem\u00f3ria, concentra\u00e7\u00e3o e energia mental. Sua f\u00f3rmula exclusiva estimula neurotransmissores, melhora a circula\u00e7\u00e3o cerebral e fortalece as conex\u00f5es neurais, ajudando na reten\u00e7\u00e3o de informa\u00e7\u00f5es e reduzindo o cansa\u00e7o mental.<\/p>\n<p>Tamb\u00e9m promove equil\u00edbrio emocional, reduz o estresse e melhora o estado de alerta. Livre de gl\u00faten e lactose, \u00e9 ideal para quem enfrenta longos per\u00edodos de trabalho ou estudo.<\/p>\n<p>O memorizen est\u00e1 dispon\u00edvel apenas no <a href=\"https:\/\/memorizen.com.br\/\" target=\"_blank\" rel=\"noopener\">site oficial<\/a>, e te oferece uma alternativa saud\u00e1vel para melhorar o desempenho cognitivo. Veja a seguir:<\/p>\n<div class=\"jeg_video_container jeg_video_content\"><iframe title=\"V\u00eddeo institucional conhe\u00e7a o MEMORIZEN!\" width=\"500\" height=\"281\" src=\"https:\/\/www.youtube.com\/embed\/6FqMKUXo8KE?feature=oembed\" frameborder=\"0\" allow=\"accelerometer; autoplay; clipboard-write; encrypted-media; gyroscope; picture-in-picture; web-share\" referrerpolicy=\"strict-origin-when-cross-origin\" allowfullscreen><\/iframe><\/div>\n<h2>Alimenta\u00e7\u00e3o<\/h2>\n<p>Um <a href=\"https:\/\/pubmed.ncbi.nlm.nih.gov\/26086182\/\" target=\"_blank\" rel=\"noopener\">estudo cient\u00edfico<\/a> comprovou que a dieta MIND (Mediterranean-DASH Intervention for Neurodegenerative Delay) faz o c\u00e9rebro ficar 7,5 anos mais jovem no futuro, e essa rela\u00e7\u00e3o est\u00e1 entre o que voc\u00ea come com a sa\u00fade cerebral.<\/p>\n<p>Essa dieta \u00e9 basicamente composta por alimentos que ajudam a proteger o c\u00e9rebro, ricos em antioxidantes e subst\u00e2ncias anti-inflamat\u00f3rias. Esse tipo de estrat\u00e9gia \u00e9 excelente para manter a mente ativa e saud\u00e1vel por muitos anos.<\/p>\n<p>Conhe\u00e7a mais no <a href=\"https:\/\/senanutri.com.br\/blog\" target=\"_blank\" rel=\"noopener\">Sena Nutri<\/a> sobre como a <a href=\"https:\/\/senanutri.com.br\/blog\/dieta-mind-a-nova-tendencia-que-une-nutricao-para-o-corpo-e-o-cerebro\/\" target=\"_blank\" rel=\"noopener\">dieta MIND<\/a> pode transformar a sua mem\u00f3ria.<\/p>\n<h2>Ative a sua mem\u00f3ria e viva melhor<\/h2>\n<p>Praticando diariamente esses exerc\u00edcios na sua rotina, no longo prazo voc\u00ea sentir\u00e1 e colher\u00e1 todos os benef\u00edcios. Pode parecer desafiador no in\u00edcio mas o foco est\u00e1 em n\u00e3o desistir. Voc\u00ea n\u00e3o precisa sofrer com uma mem\u00f3ria ruim, apenas fortale\u00e7a ela com poucos minutos e viva melhor no futuro.<\/p>\n<p>Para mais dicas de <a href=\"https:\/\/senanutri.com.br\/blog\/memoria-e-foco\/\" target=\"_blank\" rel=\"noopener\">mem\u00f3ria e foco<\/a>, confira outros conte\u00fados no <a href=\"https:\/\/senanutri.com.br\/blog\" target=\"_blank\" rel=\"noopener\">Sena Nutri<\/a>.<\/p>\n","protected":false},"excerpt":{"rendered":"<p>Com os desafios da vida adulta e a constante enxurrada de informa\u00e7\u00f5es e notifica\u00e7\u00f5es na era digital, \u00e9 muito comum perdermos a concentra\u00e7\u00e3o. Um simples e-mail pode desviar totalmente o foco do que est\u00e1vamos fazendo, exigindo do c\u00e9rebro uma maior capacidade para processar informa\u00e7\u00f5es complexas. No entanto, melhorar a concentra\u00e7\u00e3o n\u00e3o precisa ser um desafio. [&hellip;]<\/p>\n","protected":false},"author":12,"featured_media":2822,"comment_status":"open","ping_status":"closed","sticky":false,"template":"","format":"standard","meta":{"jnews-multi-image_gallery":[],"jnews_single_post":{"subtitle":"3 exerc\u00edcios simples mas poderosos que, de acordo com a neuroci\u00eancia, potencializam a sua mem\u00f3ria todos os dias","format":"standard","override":[{"template":"1","parallax":"1","fullscreen":"1","layout":"right-sidebar","sidebar":"default-sidebar","second_sidebar":"default-sidebar","sticky_sidebar":"1","share_position":"top","share_float_style":"share-monocrhome","show_featured":"1","show_post_meta":"1","show_post_author":"1","show_post_author_image":"1","show_post_date":"1","post_date_format":"default","post_date_format_custom":"Y\/m\/d","show_post_category":"1","show_post_reading_time":"0","post_reading_time_wpm":"300","post_calculate_word_method":"str_word_count","show_zoom_button":"0","zoom_button_out_step":"2","zoom_button_in_step":"3","show_post_tag":"1","show_prev_next_post":"1","show_popup_post":"1","number_popup_post":"1","show_author_box":"1","show_post_related":"1","show_inline_post_related":"1"}],"image_override":[{"single_post_thumbnail_size":"crop-500","single_post_gallery_size":"crop-500"}],"trending_post_position":"meta","trending_post_label":"Trending","sponsored_post_label":"Sponsored by","disable_ad":"0"},"jnews_primary_category":[],"jnews_social_meta":[],"jnews_override_counter":{"view_counter_number":"0","share_counter_number":"0","like_counter_number":"0","dislike_counter_number":"0"},"footnotes":""},"categories":[3],"tags":[1048,636,1046,1049,1047],"class_list":["post-2818","post","type-post","status-publish","format-standard","has-post-thumbnail","hentry","category-memoria-e-foco","tag-como-melhorar-a-atencao","tag-exercicios-para-memoria","tag-foco-mental","tag-memoria-e-foco","tag-tecnicas-de-concentracao"],"_links":{"self":[{"href":"https:\/\/senanutri.com.br\/blog\/wp-json\/wp\/v2\/posts\/2818","targetHints":{"allow":["GET"]}}],"collection":[{"href":"https:\/\/senanutri.com.br\/blog\/wp-json\/wp\/v2\/posts"}],"about":[{"href":"https:\/\/senanutri.com.br\/blog\/wp-json\/wp\/v2\/types\/post"}],"author":[{"embeddable":true,"href":"https:\/\/senanutri.com.br\/blog\/wp-json\/wp\/v2\/users\/12"}],"replies":[{"embeddable":true,"href":"https:\/\/senanutri.com.br\/blog\/wp-json\/wp\/v2\/comments?post=2818"}],"version-history":[{"count":8,"href":"https:\/\/senanutri.com.br\/blog\/wp-json\/wp\/v2\/posts\/2818\/revisions"}],"predecessor-version":[{"id":2832,"href":"https:\/\/senanutri.com.br\/blog\/wp-json\/wp\/v2\/posts\/2818\/revisions\/2832"}],"wp:featuredmedia":[{"embeddable":true,"href":"https:\/\/senanutri.com.br\/blog\/wp-json\/wp\/v2\/media\/2822"}],"wp:attachment":[{"href":"https:\/\/senanutri.com.br\/blog\/wp-json\/wp\/v2\/media?parent=2818"}],"wp:term":[{"taxonomy":"category","embeddable":true,"href":"https:\/\/senanutri.com.br\/blog\/wp-json\/wp\/v2\/categories?post=2818"},{"taxonomy":"post_tag","embeddable":true,"href":"https:\/\/senanutri.com.br\/blog\/wp-json\/wp\/v2\/tags?post=2818"}],"curies":[{"name":"wp","href":"https:\/\/api.w.org\/{rel}","templated":true}]}}