{"id":2939,"date":"2025-09-08T20:49:13","date_gmt":"2025-09-08T23:49:13","guid":{"rendered":"https:\/\/senanutri.com.br\/blog\/?p=2939"},"modified":"2025-09-08T09:46:40","modified_gmt":"2025-09-08T12:46:40","slug":"descubra-o-segredo-emocional-que-protege-sua-memoria-com-o-passar-dos-anos","status":"publish","type":"post","link":"https:\/\/senanutri.com.br\/blog\/descubra-o-segredo-emocional-que-protege-sua-memoria-com-o-passar-dos-anos\/","title":{"rendered":"Descubra o segredo emocional que protege sua mem\u00f3ria com o passar dos anos"},"content":{"rendered":"<p>A maioria dos indiv\u00edduos sonha em ter uma <a href=\"https:\/\/senanutri.com.br\/blog\/teste-sua-memoria-esta-boa-faca-agora-mesmo\/\">mem\u00f3ria forte<\/a> ao longo dos anos, devido ao processo natural do <strong>envelhecimento<\/strong> parece at\u00e9 imposs\u00edvel. Por\u00e9m, e se envelhecer com uma <strong>mente saud\u00e1vel<\/strong> fosse t\u00e3o simples quanto voc\u00ea imagina? A ci\u00eancia j\u00e1 comprovou isso atrav\u00e9s de um h\u00e1bito que ajuda voc\u00ea se lembrar melhor das coisas \u00e0 medida que envelhece.<\/p>\n<p>Quer saber como isso \u00e9 poss\u00edvel? Continue sua leitura e descubra o que a ci\u00eancia fala sobre esse segredo.<\/p>\n<h2>Pensamentos bons, mem\u00f3ria melhor amanh\u00e3<\/h2>\n<p>O professor de Psicologia e Coaching da RCSI (University of Medicine and Health Sciences) Christian van Nieuwerburgh, em artigo publicado na <a href=\"https:\/\/theconversation.com\/staying-positive-might-protect-against-memory-loss-259617\" target=\"_blank\" rel=\"noopener\">The Conversation<\/a>, defende atrav\u00e9s de estudos cient\u00edficos que envelhecer apenas <strong>concentrando-se<\/strong>\u00a0<strong>para se sentir bem<\/strong> pode ser o segredo surpreendentemente simples para melhorar a mem\u00f3ria.<\/p>\n<p>A pesquisa publicada na <a href=\"https:\/\/www.tandfonline.com\/doi\/full\/10.1080\/13607863.2025.2468408?utm_source=chatgpt.com#abstract\" target=\"_blank\" rel=\"noopener\">Journal of Aging and Health<\/a> utilizou dados do Estudo Longitudinal Ingl\u00eas sobre Envelhecimento (ELSA), com 12.099 pessoas com 50 anos ou mais, excluindo aquelas com dem\u00eancia no in\u00edcio do estudo. Durante 16 anos, foram feitas medi\u00e7\u00f5es do bem-estar e da mem\u00f3ria epis\u00f3dica, com nove coletas de dados. Os pesquisadores aplicaram modelos de defasagem cruzada para analisar as rela\u00e7\u00f5es entre o <a href=\"https:\/\/senanutri.com.br\/blog\/idade-nao-e-desculpa-veja-como-manter-a-memoria-afiada-aos-30-50-ou-70-anos\/\">bem-estar e a mem\u00f3ria<\/a>.<\/p>\n<p>Os resultados mostraram que o bem-estar melhora a mem\u00f3ria, mas n\u00e3o houve evid\u00eancias de que a mem\u00f3ria afete o bem-estar. Isso comprova que manter pensamentos positivos podem proteger sua mem\u00f3ria \u00e0 medida que envelhece, sendo uma estrat\u00e9gia importante para preservar a fun\u00e7\u00e3o cognitiva na velhice.<\/p>\n<h3>Mais estudos cient\u00edficos<\/h3>\n<p>Uma <a href=\"https:\/\/pubmed.ncbi.nlm.nih.gov\/33090935\/\" target=\"_blank\" rel=\"noopener\">pesquisa<\/a> conduzida pela Universidade Northwestern, nos Estados Unidos, revelou que sentimentos positivos como alegria, entusiasmo e esperan\u00e7a desempenham um papel importante na preserva\u00e7\u00e3o da mem\u00f3ria ao longo do processo de envelhecimento. O estudo acompanhou 991 adultos de meia-idade e idosos em tr\u00eas etapas diferentes: de 1995 a 1996, de 2004 a 2006 e de 2013 a 2014.<\/p>\n<p>Os resultados mostraram que, apesar da tend\u00eancia natural de decl\u00ednio da mem\u00f3ria com o avan\u00e7o da idade, aqueles que mantinham n\u00edveis mais elevados de afeto positivo experimentaram uma queda menor nas<a href=\"https:\/\/senanutri.com.br\/blog\/6-passos-para-garantir-um-cerebro-ativo-e-saudavel-com-o-passar-dos-anos\/\"> fun\u00e7\u00f5es cognitivas<\/a> ao longo de quase uma d\u00e9cada. Os pesquisadores controlaram vari\u00e1veis como idade, g\u00eanero, educa\u00e7\u00e3o, depress\u00e3o, afeto negativo e extrovers\u00e3o, e observaram que o afeto positivo estava associado a um menor decl\u00ednio da mem\u00f3ria, enquanto o afeto negativo n\u00e3o apresentou essa rela\u00e7\u00e3o.<\/p>\n<h2>Estrat\u00e9gias para o bem-estar e uma melhor mem\u00f3ria<\/h2>\n<figure id=\"attachment_2943\" aria-describedby=\"caption-attachment-2943\" style=\"width: 1024px\" class=\"wp-caption aligncenter\"><img decoding=\"async\" class=\"size-large wp-image-2943\" title=\"Afetos positivos e decl\u00ednio cognitivo mais lento\" src=\"https:\/\/senanutri.com.br\/blog\/wp-content\/uploads\/2025\/09\/bem-estar-emocional-1024x683.webp\" alt=\"Pessoas mais velhas sorrindo, representando bem-estar e mem\u00f3ria preservada com o envelhecimento.\" width=\"1024\" height=\"683\" srcset=\"https:\/\/senanutri.com.br\/blog\/wp-content\/uploads\/2025\/09\/bem-estar-emocional-1024x683.webp 1024w, https:\/\/senanutri.com.br\/blog\/wp-content\/uploads\/2025\/09\/bem-estar-emocional-300x200.webp 300w, https:\/\/senanutri.com.br\/blog\/wp-content\/uploads\/2025\/09\/bem-estar-emocional-768x512.webp 768w, https:\/\/senanutri.com.br\/blog\/wp-content\/uploads\/2025\/09\/bem-estar-emocional-1536x1024.webp 1536w, https:\/\/senanutri.com.br\/blog\/wp-content\/uploads\/2025\/09\/bem-estar-emocional-2048x1366.webp 2048w, https:\/\/senanutri.com.br\/blog\/wp-content\/uploads\/2025\/09\/bem-estar-emocional-750x500.webp 750w, https:\/\/senanutri.com.br\/blog\/wp-content\/uploads\/2025\/09\/bem-estar-emocional-1140x760.webp 1140w\" sizes=\"(max-width: 1024px) 100vw, 1024px\" \/><figcaption id=\"caption-attachment-2943\" class=\"wp-caption-text\">Veja como pr\u00e1ticas simples podem ser a chave para uma boa mem\u00f3ria.<br \/>Imagem: Freepik<\/figcaption><\/figure>\n<p>Com apenas algumas mudan\u00e7as baseadas nos estudos, voc\u00ea adota uma rotina de pensamentos positivos que podem transformar a sua mem\u00f3ria. Veja algumas:<\/p>\n<h3>1. Pratique a gratid\u00e3o di\u00e1ria<\/h3>\n<p>Escrever ou refletir sobre tr\u00eas coisas pelas quais voc\u00ea \u00e9 grato todos os dias ativa \u00e1reas do c\u00e9rebro ligadas ao bem-estar e refor\u00e7a conex\u00f5es neurais associadas \u00e0 mem\u00f3ria emocional.<\/p>\n<h3>2. Medite por alguns minutos<\/h3>\n<p>A medita\u00e7\u00e3o, especialmente a <a href=\"https:\/\/senanutri.com.br\/blog\/como-a-respiracao-4-7-8-renova-o-foco-e-reduz-o-estresse\/\">mindfulness<\/a>, reduz o estresse, melhora o foco e fortalece o hipocampo, uma regi\u00e3o fundamental para a mem\u00f3ria de longo prazo.<\/p>\n<h3>3. Durma bem e com qualidade<\/h3>\n<p>O <a href=\"https:\/\/senanutri.com.br\/blog\/melhore-seu-sono-sem-remedios-descubra-este-exercicio-que-pode-ser-a-solucao\/\">sono<\/a> consolida mem\u00f3rias e regula o humor. Dormir de 7 a 9 horas por noite \u00e9 fundamental para manter o c\u00e9rebro saud\u00e1vel e otimizar o bem-estar mental.<\/p>\n<h3>4. Fa\u00e7a exerc\u00edcios f\u00edsicos<\/h3>\n<p>Atividades como caminhada, dan\u00e7a ou yoga liberam endorfinas, melhoram o humor e estimulam o crescimento de novas c\u00e9lulas cerebrais no hipocampo.<\/p>\n<h3>5. Alimente-se com consci\u00eancia<\/h3>\n<p>Alimentos ricos em \u00f4mega-3, antioxidantes e vitaminas do complexo B ajudam a preservar a mem\u00f3ria. Comer de forma equilibrada e consciente melhora tanto o corpo quanto a mente.<\/p>\n<h3>6. Construa conex\u00f5es sociais positivas<\/h3>\n<p>Boas conversas, risadas e intera\u00e7\u00f5es com pessoas queridas reduzem o estresse e mant\u00eam o c\u00e9rebro ativo, melhorando a reten\u00e7\u00e3o de informa\u00e7\u00f5es.<\/p>\n<h3>7. Mantenha pensamentos positivos<\/h3>\n<p>Treine sua mente para reformular situa\u00e7\u00f5es negativas e cultivar otimismo reduzindo a ansiedade e melhorando a clareza mental, o que favorece a mem\u00f3ria e a criatividade.<\/p>\n<p>No <a href=\"https:\/\/senanutri.com.br\/blog\">Sena Nutri<\/a>, voc\u00ea encontra muitas outras estrat\u00e9gias para o seu bem-estar.<\/p>\n<h3>8. Inclua suplementos naturais<\/h3>\n<p>O <a href=\"https:\/\/memorizen.com.br\/\" target=\"_blank\" rel=\"noopener\">memorizen<\/a> foi criado por pesquisadores cient\u00edficos para transformar a sua mem\u00f3ria e o prazer mental. Com esse suplemento, voc\u00ea ter\u00e1 uma mente ativa, r\u00e1pida e duradoura, al\u00e9m de conter ingredientes naturais que promovem o equil\u00edbrio emocional e reduzem o estresse. Assista a seguir:<\/p>\n<div class=\"jeg_video_container jeg_video_content\"><iframe title=\"FUJA DOS QUIMICOS, INVISTA NO NATURAL , CONHE\u00c7A O M\u00c9TODO MEMORIZEN!\" width=\"500\" height=\"281\" src=\"https:\/\/www.youtube.com\/embed\/4sy8mF9t8XU?feature=oembed\" frameborder=\"0\" allow=\"accelerometer; autoplay; clipboard-write; encrypted-media; gyroscope; picture-in-picture; web-share\" referrerpolicy=\"strict-origin-when-cross-origin\" allowfullscreen><\/iframe><\/div>\n<h2>Cuide hoje, viva melhor no futuro!<\/h2>\n<p>&#8220;Garantir que voc\u00ea e as pessoas ao seu redor vivenciem emo\u00e7\u00f5es positivas regularmente n\u00e3o se trata apenas de se sentir bem no momento. \u00c9 tamb\u00e9m um investimento importante para o futuro&#8221;, afirma o Psic\u00f3logo Christian.<\/p>\n<p>&nbsp;<\/p>\n","protected":false},"excerpt":{"rendered":"<p>A maioria dos indiv\u00edduos sonha em ter uma mem\u00f3ria forte ao longo dos anos, devido ao processo natural do envelhecimento parece at\u00e9 imposs\u00edvel. Por\u00e9m, e se envelhecer com uma mente saud\u00e1vel fosse t\u00e3o simples quanto voc\u00ea imagina? A ci\u00eancia j\u00e1 comprovou isso atrav\u00e9s de um h\u00e1bito que ajuda voc\u00ea se lembrar melhor das coisas \u00e0 [&hellip;]<\/p>\n","protected":false},"author":12,"featured_media":2942,"comment_status":"open","ping_status":"closed","sticky":false,"template":"","format":"standard","meta":{"jnews-multi-image_gallery":[],"jnews_single_post":{"subtitle":"H\u00e1bitos simples, mas transformadores para uma mem\u00f3ria saud\u00e1vel!","format":"standard","override":[{"template":"1","parallax":"1","fullscreen":"1","layout":"right-sidebar","sidebar":"default-sidebar","second_sidebar":"default-sidebar","sticky_sidebar":"1","share_position":"top","share_float_style":"share-monocrhome","show_featured":"1","show_post_meta":"1","show_post_author":"1","show_post_author_image":"1","show_post_date":"1","post_date_format":"default","post_date_format_custom":"Y\/m\/d","show_post_category":"1","show_post_reading_time":"0","post_reading_time_wpm":"300","post_calculate_word_method":"str_word_count","show_zoom_button":"0","zoom_button_out_step":"2","zoom_button_in_step":"3","show_post_tag":"1","show_prev_next_post":"1","show_popup_post":"1","number_popup_post":"1","show_author_box":"1","show_post_related":"1","show_inline_post_related":"1"}],"image_override":[{"single_post_thumbnail_size":"crop-500","single_post_gallery_size":"crop-500"}],"trending_post_position":"meta","trending_post_label":"Trending","sponsored_post_label":"Sponsored by","disable_ad":"0"},"jnews_primary_category":[],"jnews_social_meta":[],"jnews_override_counter":{"view_counter_number":"0","share_counter_number":"0","like_counter_number":"0","dislike_counter_number":"0"},"footnotes":""},"categories":[3,47],"tags":[1081,454,69,1082,1080,304],"class_list":["post-2939","post","type-post","status-publish","format-standard","has-post-thumbnail","hentry","category-memoria-e-foco","category-saude-mental","tag-boa-memoria","tag-envelhecimento-saudavel","tag-memoria","tag-mente-saudavel","tag-protecao-da-memoria","tag-saude-mental"],"_links":{"self":[{"href":"https:\/\/senanutri.com.br\/blog\/wp-json\/wp\/v2\/posts\/2939","targetHints":{"allow":["GET"]}}],"collection":[{"href":"https:\/\/senanutri.com.br\/blog\/wp-json\/wp\/v2\/posts"}],"about":[{"href":"https:\/\/senanutri.com.br\/blog\/wp-json\/wp\/v2\/types\/post"}],"author":[{"embeddable":true,"href":"https:\/\/senanutri.com.br\/blog\/wp-json\/wp\/v2\/users\/12"}],"replies":[{"embeddable":true,"href":"https:\/\/senanutri.com.br\/blog\/wp-json\/wp\/v2\/comments?post=2939"}],"version-history":[{"count":4,"href":"https:\/\/senanutri.com.br\/blog\/wp-json\/wp\/v2\/posts\/2939\/revisions"}],"predecessor-version":[{"id":2946,"href":"https:\/\/senanutri.com.br\/blog\/wp-json\/wp\/v2\/posts\/2939\/revisions\/2946"}],"wp:featuredmedia":[{"embeddable":true,"href":"https:\/\/senanutri.com.br\/blog\/wp-json\/wp\/v2\/media\/2942"}],"wp:attachment":[{"href":"https:\/\/senanutri.com.br\/blog\/wp-json\/wp\/v2\/media?parent=2939"}],"wp:term":[{"taxonomy":"category","embeddable":true,"href":"https:\/\/senanutri.com.br\/blog\/wp-json\/wp\/v2\/categories?post=2939"},{"taxonomy":"post_tag","embeddable":true,"href":"https:\/\/senanutri.com.br\/blog\/wp-json\/wp\/v2\/tags?post=2939"}],"curies":[{"name":"wp","href":"https:\/\/api.w.org\/{rel}","templated":true}]}}