{"id":2956,"date":"2025-09-10T20:49:40","date_gmt":"2025-09-10T23:49:40","guid":{"rendered":"https:\/\/senanutri.com.br\/blog\/?p=2956"},"modified":"2025-09-10T10:08:52","modified_gmt":"2025-09-10T13:08:52","slug":"quando-aquela-fome-a-noite-nao-e-so-vontade-e-sinal-de-alerta","status":"publish","type":"post","link":"https:\/\/senanutri.com.br\/blog\/quando-aquela-fome-a-noite-nao-e-so-vontade-e-sinal-de-alerta\/","title":{"rendered":"Quando aquela fome \u00e0 noite n\u00e3o \u00e9 s\u00f3 vontade \u2014 \u00e9 sinal de alerta"},"content":{"rendered":"<p>Quem nunca acordou na madrugada com fome e foi &#8220;assaltar&#8221; a geladeira? Isso \u00e9 uma pr\u00e1tica muito comum. Embora pare\u00e7a normal, esporadicamente n\u00e3o apresenta risco \u00e0 sa\u00fade. No entanto, se est\u00e1 ligado a outros problemas pode indicar a presen\u00e7a de um <strong>transtorno alimentar<\/strong> chamado de &#8220;<strong>s\u00edndrome do comer noturno<\/strong>&#8220;.<\/p>\n<p>Essa fome repentina durante a noite n\u00e3o \u00e9 s\u00f3 vontade, mas \u00e9 um sinal de alerta podendo comprometer a sa\u00fade. Continue sua leitura e entenda como isso ocorre.<\/p>\n<h2>O que \u00e9 a s\u00edndrome do comer noturno?<\/h2>\n<p>A S\u00edndrome do Comer Noturno (SCN) \u00e9 um transtorno alimentar <a href=\"https:\/\/pmc.ncbi.nlm.nih.gov\/articles\/PMC3222864\/\" target=\"_blank\" rel=\"noopener\">identificado pela primeira vez no ano de 1955<\/a>, mas passou a integrar oficialmente o Manual Diagn\u00f3stico e Estat\u00edstico de Transtornos Mentais (DSM-5) apenas em sua quinta edi\u00e7\u00e3o, na categoria de \u201cOutros Transtornos Alimentares Especificados\u201d.<\/p>\n<p>A nutricionista do Departamento de Alimentos e Nutri\u00e7\u00e3o da UFSM, Greisse Viero da Silva Leal disse a <a href=\"https:\/\/www.ufsm.br\/midias\/arco\/conheca-a-sindrome-do-comer-noturno#:~:text=Segundo%20o%20DSM%2D5%2C%20a,de%20comida%20ap%C3%B3s%20o%20jantar.\" target=\"_blank\" rel=\"noopener\">revista Arco da UFSM<\/a> (Universidade Federal de Santa Maria) que, embora tenha ganhado reconhecimento cl\u00ednico, os crit\u00e9rios para o diagn\u00f3stico da SCN ainda faltam defini\u00e7\u00e3o precisa, especialmente em rela\u00e7\u00e3o \u00e0 frequ\u00eancia e \u00e0 dura\u00e7\u00e3o dos sintomas.<\/p>\n<p>Conforme descrito no DSM-5, a SCN se caracteriza por epis\u00f3dios repetidos de ingest\u00e3o alimentar durante a noite, que podem ocorrer tanto ap\u00f3s despertares quanto como um <strong>consumo excessivo de alimentos<\/strong> no per\u00edodo p\u00f3s-jantar.<\/p>\n<h2>Qual a raz\u00e3o da fome noturna?<\/h2>\n<figure id=\"attachment_2960\" aria-describedby=\"caption-attachment-2960\" style=\"width: 1024px\" class=\"wp-caption aligncenter\"><img decoding=\"async\" class=\"size-large wp-image-2960\" title=\"Fome noturna e escolhas alimentares\" src=\"https:\/\/senanutri.com.br\/blog\/wp-content\/uploads\/2025\/09\/SNC-1024x683.webp\" alt=\"Mulher sentada no ch\u00e3o comendo hamb\u00farguer \u00e0 noite em frente \u00e0 geladeira aberta.\" width=\"1024\" height=\"683\" srcset=\"https:\/\/senanutri.com.br\/blog\/wp-content\/uploads\/2025\/09\/SNC-1024x683.webp 1024w, https:\/\/senanutri.com.br\/blog\/wp-content\/uploads\/2025\/09\/SNC-300x200.webp 300w, https:\/\/senanutri.com.br\/blog\/wp-content\/uploads\/2025\/09\/SNC-768x512.webp 768w, https:\/\/senanutri.com.br\/blog\/wp-content\/uploads\/2025\/09\/SNC-1536x1025.webp 1536w, https:\/\/senanutri.com.br\/blog\/wp-content\/uploads\/2025\/09\/SNC-2048x1366.webp 2048w, https:\/\/senanutri.com.br\/blog\/wp-content\/uploads\/2025\/09\/SNC-750x500.webp 750w, https:\/\/senanutri.com.br\/blog\/wp-content\/uploads\/2025\/09\/SNC-1140x760.webp 1140w\" sizes=\"(max-width: 1024px) 100vw, 1024px\" \/><figcaption id=\"caption-attachment-2960\" class=\"wp-caption-text\">Comer \u00e0 noite pode estar relacionado ao estresse, ansiedade ou h\u00e1bitos alimentares inadequados.<br \/>Imagem: Freepik<\/figcaption><\/figure>\n<p>De acordo M\u00e1rio Carra, diretor do departamento de obesidade da SBEM (Sociedade Brasileira de Endocrinologia e Metabologia), &#8220;a fome noturna \u00e9 o fruto da escolha inadequada de alimentos ou um h\u00e1bito praticado por muito tempo. Tamb\u00e9m acontece devido a quest\u00f5es pessoais que envolvem estresse, ansiedade ou qualidade de sono ruim&#8221;, relata.<\/p>\n<p>Uma dieta desequilibrada e pobre em nutrientes levam a oscila\u00e7\u00f5es dos n\u00edveis de glicose e desencadeia a fome. A pr\u00e1tica de atividades intensas e altera\u00e7\u00f5es hormonais leva ao aumento de cortisol devido ao estresse estimulando a fome noturna.<\/p>\n<h2>Estudos cient\u00edficos<\/h2>\n<p>Um <a href=\"https:\/\/www.scielo.br\/j\/rn\/a\/dSqWfKJGbkXtXk4ZrMCSdDM\/?lang=pt\" target=\"_blank\" rel=\"noopener\">estudo publicado<\/a> na Revista de Nutri\u00e7\u00e3o, conduzido por pesquisadores da Universidade Federal do Rio Grande do Sul (UFRGS), destaca que essa s\u00edndrome est\u00e1 relacionada \u00e0 desregula\u00e7\u00e3o do ritmo circadiano, altera\u00e7\u00f5es hormonais (como n\u00edveis reduzidos de melatonina e leptina) e fatores emocionais, como <a href=\"https:\/\/senanutri.com.br\/blog\/como-a-respiracao-4-7-8-renova-o-foco-e-reduz-o-estresse\/\">estresse e ansiedade<\/a>.<\/p>\n<p>Al\u00e9m de afetar a qualidade do sono, a SCN <strong>tem forte associa\u00e7\u00e3o com obesidade e transtornos de humor<\/strong>. O estudo tamb\u00e9m discute abordagens terap\u00eauticas, como o uso de melatonina, fitoter\u00e1picos e psicoterapia, embora reforce que ainda s\u00e3o necess\u00e1rias mais evid\u00eancias para tratamentos eficazes. Esses achados ajudam a entender por que muitas pessoas sentem<a href=\"https:\/\/senanutri.com.br\/blog\/voce-come-rapido-especialistas-explicam-os-impactos-para-a-sua-saude\/\"> fome<\/a> intensa \u00e0 noite e como isso pode estar ligado a processos biol\u00f3gicos e psicol\u00f3gicos mais complexos do que se imagina.<\/p>\n<h2>Existem consequ\u00eancias dessa pr\u00e1tica?<\/h2>\n<p>O h\u00e1bito de comer durante a noite, especialmente de forma recorrente e desregulada, pode trazer diversos riscos \u00e0 sa\u00fade f\u00edsica e mental. Esse comportamento favorece o ganho de peso e o desenvolvimento de obesidade, o comer noturno est\u00e1 associado a altera\u00e7\u00f5es no metabolismo, como resist\u00eancia \u00e0 insulina e maior risco de diabetes tipo 2. Tamb\u00e9m pode provocar desconfortos gastrointestinais, como refluxo e m\u00e1 digest\u00e3o, uma vez que o sistema digestivo funciona mais lentamente nesse per\u00edodo.<\/p>\n<p>Do ponto de vista psicol\u00f3gico, esse comportamento alimentar est\u00e1 frequentemente ligado a quadros de ansiedade, depress\u00e3o e dist\u00farbios do sono, criando um ciclo vicioso de m\u00e1 alimenta\u00e7\u00e3o e ins\u00f4nia. Por isso, quando o comer noturno se torna frequente e afeta a qualidade de vida, \u00e9 fundamental buscar acompanhamento profissional.<\/p>\n<p>Veja o que diz a Dra. Claudia Cozer Kalil ao canal da Abeso (Associa\u00e7\u00e3o Brasileira para o Estudo da Obesidade e da S\u00edndrome Metab\u00f3lica):<\/p>\n<div class=\"jeg_video_container jeg_video_content\"><iframe title=\"Dra. Claudia Cozer Kalil -  O comer noturno \u00e9 transtorno alimentar?\" width=\"500\" height=\"281\" src=\"https:\/\/www.youtube.com\/embed\/llKWewA0jSk?feature=oembed\" frameborder=\"0\" allow=\"accelerometer; autoplay; clipboard-write; encrypted-media; gyroscope; picture-in-picture; web-share\" referrerpolicy=\"strict-origin-when-cross-origin\" allowfullscreen><\/iframe><\/div>\n<h2>Tratamento<\/h2>\n<p>\u00c9 importante aplicar uma abordagem multidisciplinar, envolvendo profissionais como nutricionistas, m\u00e9dicos e psic\u00f3logos, j\u00e1 que o transtorno afeta tanto o corpo quanto a mente. A abordagem mais eficaz combina interven\u00e7\u00f5es comportamentais, nutricionais e, em alguns casos, farmacol\u00f3gicas. A terapia cognitivo-comportamental (TCC) tem se mostrado \u00fatil, ajudando o paciente a identificar gatilhos emocionais, melhorar sua rela\u00e7\u00e3o com a comida e reorganizar seus padr\u00f5es de sono e alimenta\u00e7\u00e3o.<\/p>\n<p>Reequilibrar as refei\u00e7\u00f5es ao longo do dia, com foco no <a href=\"https:\/\/senanutri.com.br\/blog\/o-poder-do-cafe-da-manha-alimentos-que-turbinam-sua-disposicao-pela-manha\/\">caf\u00e9 da manh\u00e3<\/a> e no controle da ingest\u00e3o noturna tamb\u00e9m \u00e9 uma estrat\u00e9gia eficaz. Em casos espec\u00edficos, o uso de melatonina, antidepressivos ou outros medicamentos pode ser indicado para regular o sono, o humor e o apetite, mas sempre com prescri\u00e7\u00e3o m\u00e9dica. A pr\u00e1tica regular de exerc\u00edcios f\u00edsicos, a <a href=\"https:\/\/senanutri.com.br\/blog\/autocuidado-no-dia-a-dia-dicas-praticas-para-saude-fisica-mental-e-emocional\/\">redu\u00e7\u00e3o do estresse<\/a> e a cria\u00e7\u00e3o de uma rotina de sono saud\u00e1vel s\u00e3o pr\u00e1ticas complementares fundamentais no tratamento da SCN.<\/p>\n<p>Para mais informa\u00e7\u00f5es sobre sa\u00fade e bem-estar, n\u00e3o perca os conte\u00fados di\u00e1rios do <a href=\"https:\/\/senanutri.com.br\/blog\/\">Sena Nutri<\/a>.<\/p>\n","protected":false},"excerpt":{"rendered":"<p>Quem nunca acordou na madrugada com fome e foi &#8220;assaltar&#8221; a geladeira? Isso \u00e9 uma pr\u00e1tica muito comum. Embora pare\u00e7a normal, esporadicamente n\u00e3o apresenta risco \u00e0 sa\u00fade. No entanto, se est\u00e1 ligado a outros problemas pode indicar a presen\u00e7a de um transtorno alimentar chamado de &#8220;s\u00edndrome do comer noturno&#8220;. Essa fome repentina durante a noite [&hellip;]<\/p>\n","protected":false},"author":12,"featured_media":2957,"comment_status":"open","ping_status":"closed","sticky":false,"template":"","format":"standard","meta":{"jnews-multi-image_gallery":[],"jnews_single_post":{"subtitle":"Veja as consequ\u00eancias associados a essa pr\u00e1tica e os motivos!","format":"standard","override":[{"template":"1","parallax":"1","fullscreen":"1","layout":"right-sidebar","sidebar":"default-sidebar","second_sidebar":"default-sidebar","sticky_sidebar":"1","share_position":"top","share_float_style":"share-monocrhome","show_featured":"1","show_post_meta":"1","show_post_author":"1","show_post_author_image":"1","show_post_date":"1","post_date_format":"default","post_date_format_custom":"Y\/m\/d","show_post_category":"1","show_post_reading_time":"0","post_reading_time_wpm":"300","post_calculate_word_method":"str_word_count","show_zoom_button":"0","zoom_button_out_step":"2","zoom_button_in_step":"3","show_post_tag":"1","show_prev_next_post":"1","show_popup_post":"1","number_popup_post":"1","show_author_box":"1","show_post_related":"1","show_inline_post_related":"1"}],"image_override":[{"single_post_thumbnail_size":"crop-500","single_post_gallery_size":"crop-500"}],"trending_post_position":"meta","trending_post_label":"Trending","sponsored_post_label":"Sponsored by","disable_ad":"0"},"jnews_primary_category":[],"jnews_social_meta":[],"jnews_override_counter":{"view_counter_number":"0","share_counter_number":"0","like_counter_number":"0","dislike_counter_number":"0"},"footnotes":""},"categories":[658],"tags":[1087,1085,289,304,1088,1086],"class_list":["post-2956","post","type-post","status-publish","format-standard","has-post-thumbnail","hentry","category-alimentacao","tag-fome-a-noite","tag-fome-noturna","tag-saude","tag-saude-mental","tag-sindrome-do-comer-noturno","tag-transtorno-alimentar"],"_links":{"self":[{"href":"https:\/\/senanutri.com.br\/blog\/wp-json\/wp\/v2\/posts\/2956","targetHints":{"allow":["GET"]}}],"collection":[{"href":"https:\/\/senanutri.com.br\/blog\/wp-json\/wp\/v2\/posts"}],"about":[{"href":"https:\/\/senanutri.com.br\/blog\/wp-json\/wp\/v2\/types\/post"}],"author":[{"embeddable":true,"href":"https:\/\/senanutri.com.br\/blog\/wp-json\/wp\/v2\/users\/12"}],"replies":[{"embeddable":true,"href":"https:\/\/senanutri.com.br\/blog\/wp-json\/wp\/v2\/comments?post=2956"}],"version-history":[{"count":4,"href":"https:\/\/senanutri.com.br\/blog\/wp-json\/wp\/v2\/posts\/2956\/revisions"}],"predecessor-version":[{"id":2963,"href":"https:\/\/senanutri.com.br\/blog\/wp-json\/wp\/v2\/posts\/2956\/revisions\/2963"}],"wp:featuredmedia":[{"embeddable":true,"href":"https:\/\/senanutri.com.br\/blog\/wp-json\/wp\/v2\/media\/2957"}],"wp:attachment":[{"href":"https:\/\/senanutri.com.br\/blog\/wp-json\/wp\/v2\/media?parent=2956"}],"wp:term":[{"taxonomy":"category","embeddable":true,"href":"https:\/\/senanutri.com.br\/blog\/wp-json\/wp\/v2\/categories?post=2956"},{"taxonomy":"post_tag","embeddable":true,"href":"https:\/\/senanutri.com.br\/blog\/wp-json\/wp\/v2\/tags?post=2956"}],"curies":[{"name":"wp","href":"https:\/\/api.w.org\/{rel}","templated":true}]}}