{"id":3009,"date":"2025-09-30T20:49:25","date_gmt":"2025-09-30T23:49:25","guid":{"rendered":"https:\/\/senanutri.com.br\/blog\/?p=3009"},"modified":"2025-09-30T09:29:13","modified_gmt":"2025-09-30T12:29:13","slug":"fatores-invisiveis-que-estao-sabotando-a-saude-mental-dos-adolescentes","status":"publish","type":"post","link":"https:\/\/senanutri.com.br\/blog\/fatores-invisiveis-que-estao-sabotando-a-saude-mental-dos-adolescentes\/","title":{"rendered":"Fatores invis\u00edveis que est\u00e3o sabotando a sa\u00fade mental dos adolescentes"},"content":{"rendered":"<p>A <strong>adolesc\u00eancia<\/strong> \u00e9 uma fase de intensas transforma\u00e7\u00f5es, marcada por desafios que testam os limites emocionais dos jovens. Embora a press\u00e3o acad\u00eamica e as mudan\u00e7as hormonais sejam frequentemente citadas, existem fatores menos \u00f3bvios que afetam silenciosamente o bem-estar. A discuss\u00e3o sobre a <strong>sa\u00fade mental em adolescentes<\/strong> precisa ir al\u00e9m do superficial, investigando as causas ocultas que contribuem para o aumento de quadros de <a href=\"https:\/\/senanutri.com.br\/blog\/estresse-e-ansiedade-nao-sao-a-mesma-coisa-aprenda-a-identificar-agora\/\">ansiedade e estresse<\/a>.<\/p>\n<h2>Como fatores invis\u00edveis afetam adolescentes?<\/h2>\n<p>Os fatores invis\u00edveis s\u00e3o elementos sutis do cotidiano que, somados, geram um grande impacto no <a href=\"https:\/\/senanutri.com.br\/blog\/descubra-como-melhorar-a-ansiedade-com-atitudes-simples-do-dia-a-dia\/\">estado emocional<\/a>. Diferente de um evento traum\u00e1tico claro, eles atuam de forma cont\u00ednua. A press\u00e3o para se encaixar em padr\u00f5es sociais, a exposi\u00e7\u00e3o a um fluxo constante de informa\u00e7\u00f5es e a sensa\u00e7\u00e3o de que \u00e9 preciso estar sempre produtivo s\u00e3o exemplos de como o ambiente moderno pode sobrecarregar a mente em desenvolvimento de um jovem.<\/p>\n<p>Essa carga constante pode levar ao esgotamento mental, dificultando a capacidade do adolescente de lidar com os desafios normais da idade. O problema \u00e9 que, por serem &#8220;invis\u00edveis&#8221;, essas press\u00f5es s\u00e3o frequentemente subestimadas ou at\u00e9 mesmo ignoradas por adultos.<\/p>\n<h2>Sinais silenciosos de alerta<\/h2>\n<p>Nem sempre o sofrimento psicol\u00f3gico se manifesta de forma evidente. Existem sinais mais discretos que podem indicar que algo n\u00e3o vai bem. \u00c9 importante estar atento a mudan\u00e7as de comportamento que, embora sutis, podem ser um pedido de ajuda. Alguns desses sinais incluem:<\/p>\n<ul>\n<li>Altera\u00e7\u00f5es bruscas nos padr\u00f5es de sono, como ins\u00f4nia ou sonol\u00eancia excessiva.<\/li>\n<li>Isolamento social e perda de interesse em atividades que antes eram prazerosas.<\/li>\n<li>Irritabilidade constante ou rea\u00e7\u00f5es emocionais desproporcionais.<\/li>\n<li>Queda no rendimento escolar sem motivo aparente.<\/li>\n<li>Queixas f\u00edsicas recorrentes, como dores de cabe\u00e7a ou problemas de est\u00f4mago.<\/li>\n<\/ul>\n<figure id=\"attachment_3012\" aria-describedby=\"caption-attachment-3012\" style=\"width: 1024px\" class=\"wp-caption aligncenter\"><img decoding=\"async\" class=\"size-large wp-image-3012\" title=\"Ilustra\u00e7\u00e3o de sinais silenciosos de alerta emocional\" src=\"https:\/\/senanutri.com.br\/blog\/wp-content\/uploads\/2025\/09\/sinais-1-1024x683.webp\" alt=\"Jovem sobrecarregado por press\u00e3o escolar, cr\u00edticas internas e mensagens no celular.\" width=\"1024\" height=\"683\" srcset=\"https:\/\/senanutri.com.br\/blog\/wp-content\/uploads\/2025\/09\/sinais-1-1024x683.webp 1024w, https:\/\/senanutri.com.br\/blog\/wp-content\/uploads\/2025\/09\/sinais-1-300x200.webp 300w, https:\/\/senanutri.com.br\/blog\/wp-content\/uploads\/2025\/09\/sinais-1-768x512.webp 768w, https:\/\/senanutri.com.br\/blog\/wp-content\/uploads\/2025\/09\/sinais-1-750x500.webp 750w, https:\/\/senanutri.com.br\/blog\/wp-content\/uploads\/2025\/09\/sinais-1-1140x760.webp 1140w, https:\/\/senanutri.com.br\/blog\/wp-content\/uploads\/2025\/09\/sinais-1.webp 1536w\" sizes=\"(max-width: 1024px) 100vw, 1024px\" \/><figcaption id=\"caption-attachment-3012\" class=\"wp-caption-text\">Sinais de sofrimento psicol\u00f3gico que muitas vezes passam despercebidos.<br \/>Imagem: Sena Nutri<\/figcaption><\/figure>\n<h2>O papel do ambiente escolar na sa\u00fade mental<\/h2>\n<p>A escola \u00e9 um dos principais cen\u00e1rios na vida de um adolescente e pode ser tanto um espa\u00e7o de crescimento quanto uma fonte de ansiedade. A press\u00e3o por notas altas, a competitividade entre colegas e a din\u00e2mica social podem ser esmagadoras. O bullying, muitas vezes silencioso e manifestado de formas n\u00e3o f\u00edsicas, como a exclus\u00e3o social, deixa marcas profundas. Um ambiente escolar que n\u00e3o promove a <strong>seguran\u00e7a psicol\u00f3gica<\/strong> <strong>e a inclus\u00e3o<\/strong> contribui diretamente para o desgaste da <a href=\"https:\/\/senanutri.com.br\/blog\/setembro-amarelo-prevencao-ao-suicidio-e-cuidado-com-a-saude-mental\/\">sa\u00fade mental<\/a> dos estudantes.<\/p>\n<h2>Redes sociais e o impacto na autoestima<\/h2>\n<p>As redes sociais criaram uma nova camada de complexidade para a\u00a0<strong>sa\u00fade mental em adolescentes<\/strong>. A cultura da compara\u00e7\u00e3o \u00e9 implac\u00e1vel, onde vidas editadas e momentos perfeitos se tornam a r\u00e9gua para o sucesso e a felicidade. Essa exposi\u00e7\u00e3o constante a padr\u00f5es irreais de beleza, popularidade e conquistas pode afetar a autoestima e gerar um sentimento cr\u00f4nico de inadequa\u00e7\u00e3o. O medo de ficar de fora (<a href=\"https:\/\/www.ufrgs.br\/saberviver\/fear-of-missing-out-fomo-o-que-e-o-medo-de-ficar-de-fora-e-como-lidar-com-ele\/\" target=\"_blank\" rel=\"noopener\">FOMO &#8211; Fear of Missing Out<\/a>) alimenta a ansiedade e a necessidade de estar sempre conectado, dificultando o desenvolvimento de uma identidade aut\u00eantica e segura.<\/p>\n<h2>A influ\u00eancia discreta de familiares e amigos<\/h2>\n<p>A din\u00e2mica familiar tem um papel central. Pais excessivamente protetores ou ansiosos podem, sem inten\u00e7\u00e3o, transferir seus medos para os filhos, ensinando-os a ver o mundo como um lugar perigoso. Por outro lado, a aus\u00eancia emocional dos pais pode gerar inseguran\u00e7a e um sentimento de desamparo. O grupo de amigos tamb\u00e9m exerce uma forte influ\u00eancia. A necessidade de pertencimento pode levar o adolescente a adotar comportamentos ou a suprimir sentimentos para ser aceito, gerando um conflito interno que afeta seu <a href=\"https:\/\/senanutri.com.br\/blog\/sintomas-de-ansiedade-infantil-os-sinais-que-pais-nao-podem-ignorar\/\">bem-estar<\/a>.<\/p>\n<figure id=\"attachment_3013\" aria-describedby=\"caption-attachment-3013\" style=\"width: 1024px\" class=\"wp-caption aligncenter\"><img decoding=\"async\" class=\"size-large wp-image-3013\" title=\"Sinais de alerta para sa\u00fade mental na adolesc\u00eancia\" src=\"https:\/\/senanutri.com.br\/blog\/wp-content\/uploads\/2025\/09\/saude-mental-1024x683.webp\" alt=\"Imagem que ilustra sinais de problemas na sa\u00fade mental dos adolescentes.\" width=\"1024\" height=\"683\" srcset=\"https:\/\/senanutri.com.br\/blog\/wp-content\/uploads\/2025\/09\/saude-mental-1024x683.webp 1024w, https:\/\/senanutri.com.br\/blog\/wp-content\/uploads\/2025\/09\/saude-mental-300x200.webp 300w, https:\/\/senanutri.com.br\/blog\/wp-content\/uploads\/2025\/09\/saude-mental-768x512.webp 768w, https:\/\/senanutri.com.br\/blog\/wp-content\/uploads\/2025\/09\/saude-mental-1536x1024.webp 1536w, https:\/\/senanutri.com.br\/blog\/wp-content\/uploads\/2025\/09\/saude-mental-2048x1366.webp 2048w, https:\/\/senanutri.com.br\/blog\/wp-content\/uploads\/2025\/09\/saude-mental-750x500.webp 750w, https:\/\/senanutri.com.br\/blog\/wp-content\/uploads\/2025\/09\/saude-mental-1140x760.webp 1140w\" sizes=\"(max-width: 1024px) 100vw, 1024px\" \/><figcaption id=\"caption-attachment-3013\" class=\"wp-caption-text\">Preste aten\u00e7\u00e3o aos sinais que indicam dificuldades emocionais e psicol\u00f3gicas durante a adolesc\u00eancia.<br \/>Imagem: Freepik<\/figcaption><\/figure>\n<h2>Estrat\u00e9gias de cuidado e preven\u00e7\u00e3o<\/h2>\n<p>Enfrentar esses desafios requer uma abordagem multifacetada. A cria\u00e7\u00e3o de um ambiente seguro para o di\u00e1logo, tanto em casa quanto na escola, \u00e9 o ponto de partida. Os adolescentes precisam sentir que podem expressar suas vulnerabilidades sem julgamento. Incentivar hobbies que promovam o bem-estar, como atividades f\u00edsicas e art\u00edsticas, ajuda a construir resili\u00eancia.<\/p>\n<p>O apoio terap\u00eautico \u00e9 uma ferramenta poderosa. Profissionais como psic\u00f3logos podem oferecer estrat\u00e9gias para lidar com pensamentos negativos e desenvolver habilidades de enfrentamento. A Terapia Cognitivo-Comportamental (TCC), por exemplo, \u00e9 eficaz para ajudar os jovens a reestruturar padr\u00f5es de pensamento disfuncionais. A preven\u00e7\u00e3o \u00e9 o caminho mais seguro, e ela come\u00e7a com a informa\u00e7\u00e3o e a aten\u00e7\u00e3o \u00e0s necessidades emocionais dos adolescentes.<\/p>\n<p>Confira mais dicas de sa\u00fade mental em outros conte\u00fados do <a href=\"https:\/\/senanutri.com.br\/blog\">Sena Nutri<\/a>.<\/p>\n<h2>Perguntas frequentes<\/h2>\n<h3>Como diferenciar tristeza normal da adolesc\u00eancia de um problema de sa\u00fade mental?<\/h3>\n<p>A tristeza \u00e9 uma emo\u00e7\u00e3o passageira, geralmente ligada a um evento espec\u00edfico. Um problema de sa\u00fade mental, como a depress\u00e3o, envolve um estado de humor negativo persistente que afeta o funcionamento di\u00e1rio, o interesse e a energia por semanas ou meses.<\/p>\n<h3>Conversar com meu filho sobre redes sociais pode ajudar?<\/h3>\n<p>Sim. \u00c9 fundamental dialogar sobre o uso consciente das redes, explicando que o conte\u00fado online \u00e9 frequentemente um recorte editado da realidade e incentivando pausas digitais para proteger a autoestima.<\/p>\n<h3>Qual o primeiro passo se suspeito que um adolescente precisa de ajuda?<\/h3>\n<p>O primeiro passo \u00e9 abordar o jovem com empatia e sem julgamento, oferecendo um espa\u00e7o seguro para que ele se abra. Em seguida, buscar a avalia\u00e7\u00e3o de um profissional de sa\u00fade mental, como um psic\u00f3logo ou psiquiatra, \u00e9 a decis\u00e3o mais adequada.<\/p>\n<h3>Atividades f\u00edsicas realmente impactam a sa\u00fade mental?<\/h3>\n<p>Sim. A pr\u00e1tica regular de exerc\u00edcios f\u00edsicos libera endorfinas, neurotransmissores que promovem a sensa\u00e7\u00e3o de bem-estar, ajudando a reduzir os n\u00edveis de estresse e ansiedade de forma natural.<\/p>\n<h3>A escola pode ser responsabilizada pela sa\u00fade mental dos alunos?<\/h3>\n<p>A escola tem um papel correspons\u00e1vel. Embora n\u00e3o possa controlar todos os fatores, ela deve promover um ambiente seguro, inclusivo e oferecer programas de apoio psicossocial e educa\u00e7\u00e3o emocional para os estudantes.<\/p>\n","protected":false},"excerpt":{"rendered":"<p>A adolesc\u00eancia \u00e9 uma fase de intensas transforma\u00e7\u00f5es, marcada por desafios que testam os limites emocionais dos jovens. Embora a press\u00e3o acad\u00eamica e as mudan\u00e7as hormonais sejam frequentemente citadas, existem fatores menos \u00f3bvios que afetam silenciosamente o bem-estar. A discuss\u00e3o sobre a sa\u00fade mental em adolescentes precisa ir al\u00e9m do superficial, investigando as causas ocultas [&hellip;]<\/p>\n","protected":false},"author":12,"featured_media":3010,"comment_status":"open","ping_status":"closed","sticky":false,"template":"","format":"standard","meta":{"jnews-multi-image_gallery":[],"jnews_single_post":{"subtitle":"Reconhecer esses sabotadores \u00e9 importante para apoiar um desenvolvimento saud\u00e1vel","format":"standard","override":[{"template":"1","parallax":"1","fullscreen":"1","layout":"right-sidebar","sidebar":"default-sidebar","second_sidebar":"default-sidebar","sticky_sidebar":"1","share_position":"top","share_float_style":"share-monocrhome","show_featured":"1","show_post_meta":"1","show_post_author":"1","show_post_author_image":"1","show_post_date":"1","post_date_format":"default","post_date_format_custom":"Y\/m\/d","show_post_category":"1","show_post_reading_time":"0","post_reading_time_wpm":"300","post_calculate_word_method":"str_word_count","show_zoom_button":"0","zoom_button_out_step":"2","zoom_button_in_step":"3","show_post_tag":"1","show_prev_next_post":"1","show_popup_post":"1","number_popup_post":"1","show_author_box":"1","show_post_related":"1","show_inline_post_related":"1"}],"image_override":[{"single_post_thumbnail_size":"crop-500","single_post_gallery_size":"crop-500"}],"trending_post_position":"meta","trending_post_label":"Trending","sponsored_post_label":"Sponsored by","disable_ad":"0"},"jnews_primary_category":[],"jnews_social_meta":[],"jnews_override_counter":{"view_counter_number":"0","share_counter_number":"0","like_counter_number":"0","dislike_counter_number":"0"},"footnotes":""},"categories":[47],"tags":[1110,274,1112,450,304,1113,1111],"class_list":["post-3009","post","type-post","status-publish","format-standard","has-post-thumbnail","hentry","category-saude-mental","tag-adolescencia","tag-ansiedade","tag-ansiedade-na-adolescencia","tag-estresse","tag-saude-mental","tag-saude-mental-dos-jovens","tag-saude-mental-em-adolescentes"],"_links":{"self":[{"href":"https:\/\/senanutri.com.br\/blog\/wp-json\/wp\/v2\/posts\/3009","targetHints":{"allow":["GET"]}}],"collection":[{"href":"https:\/\/senanutri.com.br\/blog\/wp-json\/wp\/v2\/posts"}],"about":[{"href":"https:\/\/senanutri.com.br\/blog\/wp-json\/wp\/v2\/types\/post"}],"author":[{"embeddable":true,"href":"https:\/\/senanutri.com.br\/blog\/wp-json\/wp\/v2\/users\/12"}],"replies":[{"embeddable":true,"href":"https:\/\/senanutri.com.br\/blog\/wp-json\/wp\/v2\/comments?post=3009"}],"version-history":[{"count":2,"href":"https:\/\/senanutri.com.br\/blog\/wp-json\/wp\/v2\/posts\/3009\/revisions"}],"predecessor-version":[{"id":3014,"href":"https:\/\/senanutri.com.br\/blog\/wp-json\/wp\/v2\/posts\/3009\/revisions\/3014"}],"wp:featuredmedia":[{"embeddable":true,"href":"https:\/\/senanutri.com.br\/blog\/wp-json\/wp\/v2\/media\/3010"}],"wp:attachment":[{"href":"https:\/\/senanutri.com.br\/blog\/wp-json\/wp\/v2\/media?parent=3009"}],"wp:term":[{"taxonomy":"category","embeddable":true,"href":"https:\/\/senanutri.com.br\/blog\/wp-json\/wp\/v2\/categories?post=3009"},{"taxonomy":"post_tag","embeddable":true,"href":"https:\/\/senanutri.com.br\/blog\/wp-json\/wp\/v2\/tags?post=3009"}],"curies":[{"name":"wp","href":"https:\/\/api.w.org\/{rel}","templated":true}]}}