{"id":3044,"date":"2025-10-14T20:49:02","date_gmt":"2025-10-14T23:49:02","guid":{"rendered":"https:\/\/senanutri.com.br\/blog\/?p=3044"},"modified":"2025-10-14T08:32:42","modified_gmt":"2025-10-14T11:32:42","slug":"o-que-sua-mente-esta-tentando-te-dizer-no-silencio-sintomas-que-voce-nao-pode-mais-ignorar","status":"publish","type":"post","link":"https:\/\/senanutri.com.br\/blog\/o-que-sua-mente-esta-tentando-te-dizer-no-silencio-sintomas-que-voce-nao-pode-mais-ignorar\/","title":{"rendered":"O que sua mente est\u00e1 tentando te dizer no sil\u00eancio? Sintomas que voc\u00ea n\u00e3o pode mais ignorar"},"content":{"rendered":"<p>Voc\u00ea alguma vez j\u00e1 se irritou com o menor barulho ou teve dificuldade em tomar pequenas decis\u00f5es? Esses podem ser sinais de que sua mente est\u00e1 esgotada e precisa de descanso. Em um mundo que valoriza a produtividade constante, \u00e9 comum ignorar os alertas sutis que o corpo e mente enviam. No entanto, negligenciar esses sintomas pode comprometer seriamente a sua <strong>sa\u00fade mental<\/strong>, transformando pequenos desconfortos em problemas mais complexos.<\/p>\n<p>A mente, quando sobrecarregada, manifesta seu esgotamento de diversas formas, muitas vezes disfar\u00e7adas de cansa\u00e7o comum. S\u00e3o comunica\u00e7\u00f5es importantes, um pedido de aten\u00e7\u00e3o e cuidado. Entender o que esses sinais significam \u00e9 fundamental para agir de forma preventiva, antes que o esgotamento se instale de forma mais profunda e afete todas as \u00e1reas da vida, desde o desempenho profissional at\u00e9 os relacionamentos pessoais.<\/p>\n<h2>Quais s\u00e3o os principais sinais f\u00edsicos do esgotamento mental?<\/h2>\n<p>Muitas vezes, o corpo \u00e9 o primeiro a indicar que algo n\u00e3o vai bem com a mente. O estresse e a sobrecarga mental n\u00e3o s\u00e3o apenas abstratos; eles se traduzem em sintomas f\u00edsicos concretos que n\u00e3o devem ser subestimados. Alguns sinais incluem:<\/p>\n<ul>\n<li><strong>Dores de cabe\u00e7a e musculares:<\/strong>\u00a0Dores de cabe\u00e7a frequentes, especialmente tensionais, e uma sensa\u00e7\u00e3o de peso nos ombros ou nas costas podem ser um reflexo direto da tens\u00e3o mental acumulada.<\/li>\n<li><strong>Ins\u00f4nia e dist\u00farbios do sono:<\/strong>\u00a0A dificuldade para adormecer, acordar v\u00e1rias vezes durante a noite ou ter um <a href=\"https:\/\/senanutri.com.br\/blog\/melhore-seu-sono-sem-remedios-descubra-este-exercicio-que-pode-ser-a-solucao\/\">sono<\/a> que n\u00e3o repara as energias \u00e9 um dos sinais mais cl\u00e1ssicos de uma mente sobrecarregada. O c\u00e9rebro simplesmente n\u00e3o consegue &#8220;desligar&#8221;.<\/li>\n<li><strong>Fadiga constante:<\/strong>\u00a0Sentir-se perpetuamente cansado, mesmo ap\u00f3s uma noite de sono, \u00e9 um forte indicativo de esgotamento. Essa exaust\u00e3o vai al\u00e9m do cansa\u00e7o f\u00edsico e parece n\u00e3o ter uma causa aparente.<\/li>\n<li><strong>Problemas digestivos:<\/strong>\u00a0O estresse cr\u00f4nico pode afetar o sistema digestivo, causando sintomas como dor de est\u00f4mago, m\u00e1 digest\u00e3o, diarreia ou constipa\u00e7\u00e3o.<\/li>\n<\/ul>\n<h2>Gatilhos emocionais e cognitivos que voc\u00ea n\u00e3o pode ignorar<\/h2>\n<figure id=\"attachment_1812\" aria-describedby=\"caption-attachment-1812\" style=\"width: 1024px\" class=\"wp-caption aligncenter\"><img decoding=\"async\" class=\"size-large wp-image-1812\" title=\"Sinais ocultos de esgotamento mental em homens\" src=\"https:\/\/senanutri.com.br\/blog\/wp-content\/uploads\/2025\/05\/sinais-visiveis-e-invisiveis-de-esgotamento-cerebral-1024x683.webp\" alt=\"Homem com express\u00e3o s\u00e9ria cobrindo o rosto parcialmente com as m\u00e3os, representando sinais ocultos de esgotamento mental.\" width=\"1024\" height=\"683\" srcset=\"https:\/\/senanutri.com.br\/blog\/wp-content\/uploads\/2025\/05\/sinais-visiveis-e-invisiveis-de-esgotamento-cerebral-1024x683.webp 1024w, https:\/\/senanutri.com.br\/blog\/wp-content\/uploads\/2025\/05\/sinais-visiveis-e-invisiveis-de-esgotamento-cerebral-300x200.webp 300w, https:\/\/senanutri.com.br\/blog\/wp-content\/uploads\/2025\/05\/sinais-visiveis-e-invisiveis-de-esgotamento-cerebral-768x512.webp 768w, https:\/\/senanutri.com.br\/blog\/wp-content\/uploads\/2025\/05\/sinais-visiveis-e-invisiveis-de-esgotamento-cerebral-1536x1024.webp 1536w, https:\/\/senanutri.com.br\/blog\/wp-content\/uploads\/2025\/05\/sinais-visiveis-e-invisiveis-de-esgotamento-cerebral-750x500.webp 750w, https:\/\/senanutri.com.br\/blog\/wp-content\/uploads\/2025\/05\/sinais-visiveis-e-invisiveis-de-esgotamento-cerebral-1140x760.webp 1140w, https:\/\/senanutri.com.br\/blog\/wp-content\/uploads\/2025\/05\/sinais-visiveis-e-invisiveis-de-esgotamento-cerebral.webp 2048w\" sizes=\"(max-width: 1024px) 100vw, 1024px\" \/><figcaption id=\"caption-attachment-1812\" class=\"wp-caption-text\">Os sinais vis\u00edveis e invis\u00edveis de um esgotamento mental.<br \/>Imagem: Freepik<\/figcaption><\/figure>\n<p>Al\u00e9m das manifesta\u00e7\u00f5es f\u00edsicas, o esgotamento mental afeta profundamente as emo\u00e7\u00f5es e a capacidade de pensar com clareza. Identificar esses padr\u00f5es de comportamento e sentimento \u00e9 importante para compreender a dimens\u00e3o do problema e buscar as solu\u00e7\u00f5es adequadas.<\/p>\n<p>A\u00a0<strong>irritabilidade desproporcional<\/strong>\u00a0\u00e9 um sintoma comum. Pequenos contratempos ou barulhos m\u00ednimos, que antes n\u00e3o incomodariam, passam a gerar rea\u00e7\u00f5es intensas de raiva ou impaci\u00eancia. Outro sinal importante \u00e9 a\u00a0<strong>dificuldade de concentra\u00e7\u00e3o e tomada de decis\u00e3o<\/strong>. Tarefas que antes eram simples podem parecer esmagadoras, e a capacidade de focar em uma \u00fanica atividade diminui muito, levando \u00e0 <a href=\"https:\/\/senanutri.com.br\/blog\/como-diminuir-o-cansaco\/\">procrastina\u00e7\u00e3o<\/a> e a sentimentos de inadequa\u00e7\u00e3o.<\/p>\n<p>Sentimentos de\u00a0<strong>ansiedade ou des\u00e2nimo sem motivo aparente<\/strong>\u00a0tamb\u00e9m s\u00e3o alertas. Uma sensa\u00e7\u00e3o constante de apreens\u00e3o ou um vazio persistente pode indicar que os recursos<a href=\"https:\/\/senanutri.com.br\/blog\/transtornos-emocionais-podem-causar-doencas-de-pele-entenda-a-relacao\/\"> emocionais<\/a> est\u00e3o se esgotando. Frequentemente, isso vem acompanhado de uma necessidade de isolamento social, pois interagir com outras pessoas pode parecer uma tarefa exaustiva.<\/p>\n<h2>Estrat\u00e9gias pr\u00e1ticas para recuperar o equil\u00edbrio mental<\/h2>\n<p>Reconhecer os sinais \u00e9 o primeiro passo, mas agir sobre eles \u00e9 o que promove a mudan\u00e7a. Felizmente, existem estrat\u00e9gias pr\u00e1ticas e acess\u00edveis que podem ser incorporadas na rotina para aliviar a carga mental e come\u00e7ar o processo de recupera\u00e7\u00e3o. N\u00e3o \u00e9 preciso esperar um colapso para come\u00e7ar a cuidar de si!<\/p>\n<h3>Pequenas pausas e autocuidado di\u00e1rio<\/h3>\n<p>A cada hora de trabalho, reserve cinco minutos para se alongar, olhar pela janela ou simplesmente respirar profundamente. Desativar as notifica\u00e7\u00f5es do celular por per\u00edodos determinados pode trazer um al\u00edvio instant\u00e2neo da press\u00e3o da conectividade constante. Estabelecer uma <a href=\"https:\/\/senanutri.com.br\/blog\/autocuidado-no-dia-a-dia-dicas-praticas-para-saude-fisica-mental-e-emocional\/\">rotina de autocuidado<\/a>, mesmo que simples, como ler um livro antes de dormir ou ouvir uma m\u00fasica relaxante, ajuda a sinalizar para o c\u00e9rebro que \u00e9 hora de desacelerar.<\/p>\n<figure id=\"attachment_2918\" aria-describedby=\"caption-attachment-2918\" style=\"width: 1024px\" class=\"wp-caption aligncenter\"><img decoding=\"async\" class=\"wp-image-2918 size-large\" title=\"Autocuidado no dia a dia\" src=\"https:\/\/senanutri.com.br\/blog\/wp-content\/uploads\/2025\/09\/autocuidado-1024x683.webp\" alt=\"Mulher relaxando e cuidando da sa\u00fade como parte do autocuidado di\u00e1rio\" width=\"1024\" height=\"683\" srcset=\"https:\/\/senanutri.com.br\/blog\/wp-content\/uploads\/2025\/09\/autocuidado-1024x683.webp 1024w, https:\/\/senanutri.com.br\/blog\/wp-content\/uploads\/2025\/09\/autocuidado-300x200.webp 300w, https:\/\/senanutri.com.br\/blog\/wp-content\/uploads\/2025\/09\/autocuidado-768x512.webp 768w, https:\/\/senanutri.com.br\/blog\/wp-content\/uploads\/2025\/09\/autocuidado-1536x1024.webp 1536w, https:\/\/senanutri.com.br\/blog\/wp-content\/uploads\/2025\/09\/autocuidado-2048x1366.webp 2048w, https:\/\/senanutri.com.br\/blog\/wp-content\/uploads\/2025\/09\/autocuidado-750x500.webp 750w, https:\/\/senanutri.com.br\/blog\/wp-content\/uploads\/2025\/09\/autocuidado-1140x760.webp 1140w\" sizes=\"(max-width: 1024px) 100vw, 1024px\" \/><figcaption id=\"caption-attachment-2918\" class=\"wp-caption-text\">S\u00e3o pr\u00e1ticas simples de autocuidado para transformarem o seu corpo e a sua mente. Imagem: Freepik<\/figcaption><\/figure>\n<h3>Atividades que nutrem a mente e o corpo<\/h3>\n<p>Cultivar um hobby, seja jardinagem, pintura ou aprender um instrumento, oferece uma v\u00e1lvula de escape criativa e relaxante. A pr\u00e1tica de exerc\u00edcios f\u00edsicos, como uma caminhada ao ar livre, libera endorfinas que melhoram o humor e reduzem o estresse. T\u00e9cnicas de relaxamento, como a <strong>medita\u00e7\u00e3o guiada<\/strong>\u00a0ou <a href=\"https:\/\/senanutri.com.br\/blog\/movimente-se-para-acalmar-a-mente-4-exercicios-que-aliviam-o-estresse\/\">exerc\u00edcios de respira\u00e7\u00e3o<\/a> profunda, s\u00e3o ferramentas valiosas para acalmar o sistema nervoso e promover a clareza mental.<\/p>\n<h2>Busque ajuda profissional quando necess\u00e1rio<\/h2>\n<p>Embora as estrat\u00e9gias de autocuidado sejam eficazes, h\u00e1 momentos em que o esgotamento \u00e9 t\u00e3o profundo que a ajuda de um profissional se torna necess\u00e1ria. Reconhecer que precisa de apoio \u00e9 um ato de coragem e um passo fundamental para cuidar da sua\u00a0<strong>sa\u00fade mental<\/strong>. Um psic\u00f3logo pode oferecer um espa\u00e7o seguro e sem julgamentos para explorar as causas do estresse, desenvolver ferramentas personalizadas para lidar com os desafios e construir um caminho para uma vida mais equilibrada.<\/p>\n<p>A terapia n\u00e3o \u00e9 um sinal de fraqueza, mas sim um investimento em seu pr\u00f3prio bem-estar. Com o acompanhamento adequado, \u00e9 poss\u00edvel compreender a origem dos sintomas, ressignificar experi\u00eancias e fortalecer-se emocionalmente. N\u00e3o ignore o que sua mente est\u00e1 tentando lhe dizer. Cuidar do seu equil\u00edbrio interno \u00e9 a base para uma vida mais plena e satisfat\u00f3ria!<\/p>\n<p>Para mais dicas de sa\u00fade e bem-estar emocional, confira em outros conte\u00fados do <a href=\"https:\/\/senanutri.com.br\/blog\/\" target=\"_blank\" rel=\"noopener\">Sena Nutri<\/a>.<\/p>\n","protected":false},"excerpt":{"rendered":"<p>Voc\u00ea alguma vez j\u00e1 se irritou com o menor barulho ou teve dificuldade em tomar pequenas decis\u00f5es? Esses podem ser sinais de que sua mente est\u00e1 esgotada e precisa de descanso. Em um mundo que valoriza a produtividade constante, \u00e9 comum ignorar os alertas sutis que o corpo e mente enviam. No entanto, negligenciar esses [&hellip;]<\/p>\n","protected":false},"author":12,"featured_media":3047,"comment_status":"open","ping_status":"closed","sticky":false,"template":"","format":"standard","meta":{"jnews-multi-image_gallery":[],"jnews_single_post":{"format":"standard","override":[{"template":"1","parallax":"1","fullscreen":"1","layout":"right-sidebar","sidebar":"default-sidebar","second_sidebar":"default-sidebar","sticky_sidebar":"1","share_position":"top","share_float_style":"share-monocrhome","show_featured":"1","show_post_meta":"1","show_post_author":"1","show_post_author_image":"1","show_post_date":"1","post_date_format":"default","post_date_format_custom":"Y\/m\/d","show_post_category":"1","show_post_reading_time":"0","post_reading_time_wpm":"300","post_calculate_word_method":"str_word_count","show_zoom_button":"0","zoom_button_out_step":"2","zoom_button_in_step":"3","show_post_tag":"1","show_prev_next_post":"1","show_popup_post":"1","number_popup_post":"1","show_author_box":"1","show_post_related":"1","show_inline_post_related":"1"}],"image_override":[{"single_post_thumbnail_size":"crop-500","single_post_gallery_size":"crop-500"}],"trending_post_position":"meta","trending_post_label":"Trending","sponsored_post_label":"Sponsored by","disable_ad":"0","subtitle":"Aprenda dicas pr\u00e1ticas para cuidar da sua sa\u00fade mental e recuperar o equil\u00edbrio!"},"jnews_primary_category":[],"jnews_social_meta":[],"jnews_override_counter":{"view_counter_number":"0","share_counter_number":"0","like_counter_number":"0","dislike_counter_number":"0"},"footnotes":""},"categories":[47],"tags":[274,579,469,450,304],"class_list":["post-3044","post","type-post","status-publish","format-standard","has-post-thumbnail","hentry","category-saude-mental","tag-ansiedade","tag-autocuidado","tag-esgotamento-mental","tag-estresse","tag-saude-mental"],"_links":{"self":[{"href":"https:\/\/senanutri.com.br\/blog\/wp-json\/wp\/v2\/posts\/3044","targetHints":{"allow":["GET"]}}],"collection":[{"href":"https:\/\/senanutri.com.br\/blog\/wp-json\/wp\/v2\/posts"}],"about":[{"href":"https:\/\/senanutri.com.br\/blog\/wp-json\/wp\/v2\/types\/post"}],"author":[{"embeddable":true,"href":"https:\/\/senanutri.com.br\/blog\/wp-json\/wp\/v2\/users\/12"}],"replies":[{"embeddable":true,"href":"https:\/\/senanutri.com.br\/blog\/wp-json\/wp\/v2\/comments?post=3044"}],"version-history":[{"count":2,"href":"https:\/\/senanutri.com.br\/blog\/wp-json\/wp\/v2\/posts\/3044\/revisions"}],"predecessor-version":[{"id":3046,"href":"https:\/\/senanutri.com.br\/blog\/wp-json\/wp\/v2\/posts\/3044\/revisions\/3046"}],"wp:featuredmedia":[{"embeddable":true,"href":"https:\/\/senanutri.com.br\/blog\/wp-json\/wp\/v2\/media\/3047"}],"wp:attachment":[{"href":"https:\/\/senanutri.com.br\/blog\/wp-json\/wp\/v2\/media?parent=3044"}],"wp:term":[{"taxonomy":"category","embeddable":true,"href":"https:\/\/senanutri.com.br\/blog\/wp-json\/wp\/v2\/categories?post=3044"},{"taxonomy":"post_tag","embeddable":true,"href":"https:\/\/senanutri.com.br\/blog\/wp-json\/wp\/v2\/tags?post=3044"}],"curies":[{"name":"wp","href":"https:\/\/api.w.org\/{rel}","templated":true}]}}